{"id":14949,"date":"2024-12-08T19:44:58","date_gmt":"2024-12-08T19:44:58","guid":{"rendered":"https:\/\/247stiri.ro\/index.php\/2024\/12\/08\/cat-de-grava-este-situatia-in-romania-gigi-becali-a-ingenunchiat-si-a-izbucnit-in-lacrimi-imagini-unice-cu-latifundiarul-din-pipera\/"},"modified":"2024-12-08T19:44:58","modified_gmt":"2024-12-08T19:44:58","slug":"cat-de-grava-este-situatia-in-romania-gigi-becali-a-ingenunchiat-si-a-izbucnit-in-lacrimi-imagini-unice-cu-latifundiarul-din-pipera","status":"publish","type":"post","link":"https:\/\/247stiri.ro\/index.php\/2024\/12\/08\/cat-de-grava-este-situatia-in-romania-gigi-becali-a-ingenunchiat-si-a-izbucnit-in-lacrimi-imagini-unice-cu-latifundiarul-din-pipera\/","title":{"rendered":"C\u00e2t de grav\u0103 este situa\u021bia \u00een Rom\u00e2nia? Gigi Becali a \u00eengenunchiat \u0219i a izbucnit \u00een LACRIMI. Imagini unice cu latifundiarul din Pipera"},"content":{"rendered":"<p>Scenele au fost surprinse de camerele de filmat ale echipei Trinitas TV \u0219i au ar\u0103tat \u00eenc\u0103 o dat\u0103 leg\u0103tura puternic\u0103 dintre patronul FCSB \u0219i valorile spirituale ortodoxe.<\/p>\n<p>Un om de afaceri dedicat credin\u021bei<\/p>\n<p><a href=\"https:\/\/www.realitatea.net\/stiri\/actual\/gigi-becali-dupa-ce-ccr-a-anulat-turul-1-al-alegerilor-prezidentiale-abia-acum-imi-dau-seama-ca-trebuie-sami-fie-frica-in-romania_6753182354fb5970496f8a1b\" target=\"_blank\">Gigi Becali<\/a> este binecunoscut pentru prezen\u021ba sa constant\u0103 \u00een biserici \u0219i pentru implicarea sa activ\u0103 \u00een via\u021ba religioas\u0103. De-a lungul anilor, el a declarat public c\u0103 nu rateaz\u0103 nicio slujb\u0103 duminical\u0103 \u0219i c\u0103 \u00ee\u0219i g\u0103se\u0219te lini\u0219tea sufleteasc\u0103 \u00een rug\u0103ciune. Mai mult, patronul FCSB contribuie generos la construirea \u0219i renovarea l\u0103ca\u0219urilor de cult, at\u00e2t \u00een Rom\u00e2nia, c\u00e2t \u0219i la schiturile rom\u00e2ne\u0219ti de pe Muntele Athos.<\/p>\n<p>\u00cen nordul Capitalei, \u00een zona Pipera, Gigi Becali finan\u021beaz\u0103 construc\u021bia unei catedrale impresionante, un proiect pe care \u00eel consider\u0103 o datorie de suflet. \u00cen plus, omul de afaceri a men\u021bionat \u00een repetate r\u00e2nduri c\u0103 muzica religioas\u0103 este singura pe care o ascult\u0103, iar vestimenta\u021bia sa reflect\u0103 adesea simboluri ortodoxe.<\/p>\n<p>Reflec\u021bii asupra credin\u021bei \u0219i justi\u021biei<\/p>\n<p>Pe l\u00e2ng\u0103 implicarea sa \u00een acte caritabile, <a href=\"https:\/\/www.realitatea.net\/stiri\/politica\/gigi-becali-vrea-sa-devina-ministrul-afacerilor-interne-ca-sa-scape-romania-de-droguri-nu-se-fac-legi-pentru-ca-angajatii-statului-se-drogheaza_6731da8e80c6c515d86844d2\" target=\"_blank\">Gigi Becali<\/a> a m\u0103rturisit recent c\u0103 evenimentele din trecut i-au schimbat perspectiva asupra vie\u021bii \u0219i a societ\u0103\u021bii. Dup\u0103 ce alegerile preziden\u021biale au fost anulate de Curtea Constitu\u021bional\u0103, Becali a f\u0103cut o declara\u021bie surprinz\u0103toare despre teama sa de consecin\u021bele legale din Rom\u00e2nia:<\/p>\n<p>\u201eB\u0103, dac\u0103 au hot\u0103r\u00e2t asta, eu nu mai vorbesc! Mie \u00eemi e fric\u0103. Gata! Abia acum \u00eemi dau seama c\u0103 trebuie s\u0103-mi fie fric\u0103 \u00een Rom\u00e2nia. \u00cemi e fric\u0103, pe cuv\u00e2nt. Nu mai zic nimic. M\u0103 g\u00e2ndesc c\u0103 p\u00e2n\u0103 acum eram nebun. Vorbeam \u0219i nu \u00eemi d\u0103deam seama \u00een ce \u021bar\u0103 tr\u0103iesc. Dar acum nu mai vorbesc. \u00cemi e fric\u0103. Gata! Acum mi-au demonstrat ce putere au acum. \u00cei mul\u021bumesc lui Dumnezeu c\u0103 am f\u0103cut doar doi ani de pu\u0219c\u0103rie. Acum m\u0103 g\u00e2ndesc. M-a protejat Dumnezeu. \u0102\u0219tia au putere s\u0103 dea ani grei de pu\u0219c\u0103rie. Gata! Nu mai vorbesc\u201d<\/p>\n<p>Lacrimile v\u0103rsate \u00een timpul slujbei de la Catedrala Patriarhal\u0103 sunt \u00eenc\u0103 o dovad\u0103 a puterii credin\u021bei \u00een via\u021ba lui Gigi Becali. Pentru patronul FCSB, spiritualitatea r\u0103m\u00e2ne un element central, fie prin dona\u021bii generoase pentru biserici, fie prin momente de introspec\u021bie \u0219i rug\u0103ciune profund\u0103.<\/p>","protected":false},"excerpt":{"rendered":"<p>Scenele au fost surprinse de camerele de filmat ale echipei Trinitas TV \u0219i au ar\u0103tat&hellip;<\/p>\n","protected":false},"author":0,"featured_media":14942,"comment_status":"open","ping_status":"open","sticky":false,"template":"","format":"standard","meta":{"footnotes":""},"categories":[2],"tags":[],"class_list":["post-14949","post","type-post","status-publish","format-standard","has-post-thumbnail","hentry","category-actual"],"_links":{"self":[{"href":"https:\/\/247stiri.ro\/index.php\/wp-json\/wp\/v2\/posts\/14949","targetHints":{"allow":["GET"]}}],"collection":[{"href":"https:\/\/247stiri.ro\/index.php\/wp-json\/wp\/v2\/posts"}],"about":[{"href":"https:\/\/247stiri.ro\/index.php\/wp-json\/wp\/v2\/types\/post"}],"replies":[{"embeddable":true,"href":"https:\/\/247stiri.ro\/index.php\/wp-json\/wp\/v2\/comments?post=14949"}],"version-history":[{"count":0,"href":"https:\/\/247stiri.ro\/index.php\/wp-json\/wp\/v2\/posts\/14949\/revisions"}],"wp:featuredmedia":[{"embeddable":true,"href":"https:\/\/247stiri.ro\/index.php\/wp-json\/wp\/v2\/media\/14942"}],"wp:attachment":[{"href":"https:\/\/247stiri.ro\/index.php\/wp-json\/wp\/v2\/media?parent=14949"}],"wp:term":[{"taxonomy":"category","embeddable":true,"href":"https:\/\/247stiri.ro\/index.php\/wp-json\/wp\/v2\/categories?post=14949"},{"taxonomy":"post_tag","embeddable":true,"href":"https:\/\/247stiri.ro\/index.php\/wp-json\/wp\/v2\/tags?post=14949"}],"curies":[{"name":"wp","href":"https:\/\/api.w.org\/{rel}","templated":true}]}}