{"id":14959,"date":"2024-12-08T20:45:29","date_gmt":"2024-12-08T20:45:29","guid":{"rendered":"https:\/\/247stiri.ro\/index.php\/2024\/12\/08\/trei-copii-au-fost-transportati-la-spital-in-urma-exploziei-unor-petarde\/"},"modified":"2024-12-08T20:45:29","modified_gmt":"2024-12-08T20:45:29","slug":"trei-copii-au-fost-transportati-la-spital-in-urma-exploziei-unor-petarde","status":"publish","type":"post","link":"https:\/\/247stiri.ro\/index.php\/2024\/12\/08\/trei-copii-au-fost-transportati-la-spital-in-urma-exploziei-unor-petarde\/","title":{"rendered":"Trei copii au fost transporta\u0163i la spital \u00een urma exploziei unor petarde"},"content":{"rendered":"<p>&#8222;La data de 8 decembrie a.c., \u00een jurul orei 17.34, Inspectoratul de Poli\u0163ie Jude\u0163ean Olt a fost sesizat, prin apel 112, cu privire la faptul c\u0103, pe Esplanada din municipiul Slatina, un copil ar fi suferit leziuni \u00een urma exploziei unei petarde. La fa\u0163a locului s-au deplasat poli\u0163i\u015ftii din cadrul Poli\u0163iei municipiului Slatina \u015fi Biroului Arme, Explozivi \u015fi Substan\u0163e Periculoase Olt. Din primele verific\u0103ri efectuate la fa\u0163a locului, s-a stabilit c\u0103 mai mul\u0163i minori ar fi manipulat petarde f\u0103r\u0103 supravegherea unui adult, iar \u00een urma deflagra\u0163iei trei dintre ace\u015ftia ar fi suferit leziuni&#8221;, a precizat sursa citat\u0103.<\/p>\n<p>Cei trei copii r\u0103ni\u0163i \u00een urma exploziei petardelor au fost transporta\u0163i la Spitalul Jude\u0163ean de Urgen\u0163\u0103 Slatina pentru a primi \u00eengrijiri medicale, iar unul dintre ei a fost transferat la un spital de Craiova.<\/p>\n<p>&#8222;Au ajuns la Unitatea de Primiri Urgen\u0163e trei copii, cu v\u00e2rste \u00eentre 10 \u015fi 12 ani, unul cu leziuni destul de grave, dup\u0103 un incident, s-ar fi jucat cu petarde. Unul dintre cei trei copii a fost transferat la Craiova pentru c\u0103 a suferit leziuni destul de grave, arsuri \u015fi pl\u0103gi pe m\u00e2ini \u015fi pe fa\u0163\u0103, avea un corp str\u0103in \u00een globul ocular st\u00e2ng. Un alt copil dintre cei trei prezenta arsuri pe m\u00e2ini \u015fi pe fa\u0163\u0103 \u015fi fractur\u0103 la o m\u00e2n\u0103, a fost investigat \u015fi nu necesit\u0103 internare, fiindu-i prescris tratament pe care s\u0103-l urmeze acas\u0103. Cel de-al treilea copil ar avea auzul afectat temporar din cauza zgomotului puternic, a fost investigat la ORL \u015fi nu a necesitat internare sau tratament&#8221;, a declarat, pentru AGERPRES, Angela Nicolae.<\/p>","protected":false},"excerpt":{"rendered":"<p>&#8222;La data de 8 decembrie a.c., \u00een jurul orei 17.34, Inspectoratul de Poli\u0163ie Jude\u0163ean Olt&hellip;<\/p>\n","protected":false},"author":0,"featured_media":14960,"comment_status":"open","ping_status":"open","sticky":false,"template":"","format":"standard","meta":{"footnotes":""},"categories":[2],"tags":[],"class_list":["post-14959","post","type-post","status-publish","format-standard","has-post-thumbnail","hentry","category-actual"],"_links":{"self":[{"href":"https:\/\/247stiri.ro\/index.php\/wp-json\/wp\/v2\/posts\/14959","targetHints":{"allow":["GET"]}}],"collection":[{"href":"https:\/\/247stiri.ro\/index.php\/wp-json\/wp\/v2\/posts"}],"about":[{"href":"https:\/\/247stiri.ro\/index.php\/wp-json\/wp\/v2\/types\/post"}],"replies":[{"embeddable":true,"href":"https:\/\/247stiri.ro\/index.php\/wp-json\/wp\/v2\/comments?post=14959"}],"version-history":[{"count":0,"href":"https:\/\/247stiri.ro\/index.php\/wp-json\/wp\/v2\/posts\/14959\/revisions"}],"wp:featuredmedia":[{"embeddable":true,"href":"https:\/\/247stiri.ro\/index.php\/wp-json\/wp\/v2\/media\/14960"}],"wp:attachment":[{"href":"https:\/\/247stiri.ro\/index.php\/wp-json\/wp\/v2\/media?parent=14959"}],"wp:term":[{"taxonomy":"category","embeddable":true,"href":"https:\/\/247stiri.ro\/index.php\/wp-json\/wp\/v2\/categories?post=14959"},{"taxonomy":"post_tag","embeddable":true,"href":"https:\/\/247stiri.ro\/index.php\/wp-json\/wp\/v2\/tags?post=14959"}],"curies":[{"name":"wp","href":"https:\/\/api.w.org\/{rel}","templated":true}]}}