{"id":1497,"date":"2024-10-24T10:58:33","date_gmt":"2024-10-24T10:58:33","guid":{"rendered":"https:\/\/247stiri.ro\/index.php\/2024\/10\/24\/de-la-1-noiembrie-vom-plati-o-noua-taxa-pentru-facturile-la-energie-ce-suma-in-plus-apare-pe-facturi\/"},"modified":"2024-10-24T10:58:33","modified_gmt":"2024-10-24T10:58:33","slug":"de-la-1-noiembrie-vom-plati-o-noua-taxa-pentru-facturile-la-energie-ce-suma-in-plus-apare-pe-facturi","status":"publish","type":"post","link":"https:\/\/247stiri.ro\/index.php\/2024\/10\/24\/de-la-1-noiembrie-vom-plati-o-noua-taxa-pentru-facturile-la-energie-ce-suma-in-plus-apare-pe-facturi\/","title":{"rendered":"De la 1 noiembrie vom pl\u0103ti o nou\u0103 tax\u0103 pentru facturile la energie. Ce sum\u0103 \u00een plus apare pe facturi?"},"content":{"rendered":"<p>Asocia\u021bia Furnizorilor de Energie din Rom\u00e2nia informeaz\u0103 c\u0103, \u00eencep\u00e2nd cu facturile emise pentru consumul de energie electric\u0103 aferent lunii octombrie 2024, va fi inclus\u0103 \u0219i contribu\u021bia pentru contractele pentru diferen\u021b\u0103 (CfD).<\/p>\n<p>Contribu\u021bia pentru contractele pentru diferen\u021b\u0103 face parte din mecanismul de sprijin destinat produc\u021biei de energie electric\u0103 utiliz\u00e2nd tehnologii cu emisii reduse de carbon, conform prevederilor Hot\u0103r\u00e2rii de Guvern nr. 318\/2024. Includerea acestei contribu\u021bii \u00een facturile consumatorilor de energie electric\u0103 se realizeaz\u0103 \u00een baza Ordinului ANRE nr. 51\/2024, care aprob\u0103 Metodologia de determinare \u0219i colectare a contribu\u021biei aferente contractelor pentru diferen\u021b\u0103, precum \u0219i Ordinului ANRE nr. 66\/2024, care stabile\u0219te valoarea contribu\u021biei pentru contractele pentru diferen\u021b\u0103 (CfD) la 0,000128 lei\/kWh, f\u0103r\u0103 TVA.<\/p>\n<p>\u201eAceasta reprezint\u0103 a opta component\u0103 din factura consumatorului de energie electric\u0103 pe care furnizorul este obligat s\u0103 o colecteze, fiind expus \u00een mod artificial unor riscuri \u0219i costuri suplimentare,\u201d a declarat Lauren\u021biu Urluescu, pre\u0219edintele Asocia\u021biei.<\/p>\n<p>\u00a0<\/p>","protected":false},"excerpt":{"rendered":"<p>Asocia\u021bia Furnizorilor de Energie din Rom\u00e2nia informeaz\u0103 c\u0103, \u00eencep\u00e2nd cu facturile emise pentru consumul de&hellip;<\/p>\n","protected":false},"author":0,"featured_media":1498,"comment_status":"open","ping_status":"open","sticky":false,"template":"","format":"standard","meta":{"footnotes":""},"categories":[2],"tags":[],"class_list":["post-1497","post","type-post","status-publish","format-standard","has-post-thumbnail","hentry","category-actual"],"_links":{"self":[{"href":"https:\/\/247stiri.ro\/index.php\/wp-json\/wp\/v2\/posts\/1497","targetHints":{"allow":["GET"]}}],"collection":[{"href":"https:\/\/247stiri.ro\/index.php\/wp-json\/wp\/v2\/posts"}],"about":[{"href":"https:\/\/247stiri.ro\/index.php\/wp-json\/wp\/v2\/types\/post"}],"replies":[{"embeddable":true,"href":"https:\/\/247stiri.ro\/index.php\/wp-json\/wp\/v2\/comments?post=1497"}],"version-history":[{"count":0,"href":"https:\/\/247stiri.ro\/index.php\/wp-json\/wp\/v2\/posts\/1497\/revisions"}],"wp:featuredmedia":[{"embeddable":true,"href":"https:\/\/247stiri.ro\/index.php\/wp-json\/wp\/v2\/media\/1498"}],"wp:attachment":[{"href":"https:\/\/247stiri.ro\/index.php\/wp-json\/wp\/v2\/media?parent=1497"}],"wp:term":[{"taxonomy":"category","embeddable":true,"href":"https:\/\/247stiri.ro\/index.php\/wp-json\/wp\/v2\/categories?post=1497"},{"taxonomy":"post_tag","embeddable":true,"href":"https:\/\/247stiri.ro\/index.php\/wp-json\/wp\/v2\/tags?post=1497"}],"curies":[{"name":"wp","href":"https:\/\/api.w.org\/{rel}","templated":true}]}}