{"id":1499,"date":"2024-10-24T10:58:33","date_gmt":"2024-10-24T10:58:33","guid":{"rendered":"https:\/\/247stiri.ro\/index.php\/2024\/10\/24\/lebada-momita-cu-paine-si-mancata-principalul-suspect-un-roman\/"},"modified":"2024-10-24T10:58:33","modified_gmt":"2024-10-24T10:58:33","slug":"lebada-momita-cu-paine-si-mancata-principalul-suspect-un-roman","status":"publish","type":"post","link":"https:\/\/247stiri.ro\/index.php\/2024\/10\/24\/lebada-momita-cu-paine-si-mancata-principalul-suspect-un-roman\/","title":{"rendered":"Leb\u0103d\u0103 momit\u0103 cu p\u00e2ine \u0219i m\u00e2ncat\u0103. Principalul suspect, un rom\u00e2n"},"content":{"rendered":"<p>Un rom\u00e2n a m\u00e2ncat o leb\u0103d\u0103 la Ostia<\/p>\n<p>Claudio Atzori, pre\u0219edintele Parcului Stagno, a declarat c\u0103 leb\u0103da, care tr\u0103ia \u00eempreun\u0103 cu partenera sa \u0219i cei doi pui, a fost v\u0103zut\u0103 ultima oar\u0103 \u00een apropierea canalului. Martorii spun c\u0103 b\u0103rbatul rom\u00e2n, care locuie\u0219te sub un pod din apropiere, a atras leb\u0103da cu buc\u0103\u021bi de p\u00e2ine \u00eenainte de a o captura.<\/p>\n<p>\u201eAm v\u0103zut resturile unui foc imediat dup\u0103 dispari\u021bia lebedei,\u201d a declarat Atzori pentru 7colli.it. \u201eLeb\u0103da tr\u0103ia aici de mult timp, era parte din peisajul nostru \u0219i nu ne-am fi a\u0219teptat la a\u0219a ceva.\u201d<\/p>\n<p>Pescarii locali au m\u0103rturisit c\u0103, de\u0219i nu au v\u0103zut direct momentul \u00een care leb\u0103da a fost g\u0103tit\u0103, au descoperit resturi de gr\u0103tar \u00een apropierea locului unde tr\u0103ie\u0219te b\u0103rbatul acuzat. \u201eNimeni nu l-a v\u0103zut m\u00e2nc\u00e2nd-o, dar faptul c\u0103 leb\u0103da a disp\u0103rut \u0219i c\u0103 a fost f\u0103cut un foc imediat dup\u0103 ne face s\u0103 credem c\u0103 a\u0219a s-a \u00eent\u00e2mplat,\u201d au spus pescarii.<\/p>\n<p>Comunitatea este acum \u00eengrijorat\u0103 pentru celelalte trei lebede care au r\u0103mas \u00een zon\u0103. \u201eNe temem c\u0103 ar putea disp\u0103rea \u0219i ele. Nu \u0219tim cum s\u0103 le protej\u0103m,\u201d a ad\u0103ugat Atzori.<\/p>\n<p>Incidentul a st\u00e2rnit reac\u021bii negative, mul\u021bi locuitori din Ostia fiind \u0219oca\u021bi \u0219i furio\u0219i c\u0103 un astfel de act a avut loc \u00eentr-o zon\u0103 at\u00e2t de lini\u0219tit\u0103, frecventat\u0103 de localnici \u0219i turi\u0219ti. Poli\u021bia local\u0103 a deschis o anchet\u0103 pentru a clarifica circumstan\u021bele dispari\u021biei lebedei \u0219i a stabili dac\u0103 acuza\u021biile \u00eempotriva b\u0103rbatului sunt \u00eentemeiate, scrie stiridiaspora.ro.<\/p>","protected":false},"excerpt":{"rendered":"<p>Un rom\u00e2n a m\u00e2ncat o leb\u0103d\u0103 la Ostia Claudio Atzori, pre\u0219edintele Parcului Stagno, a declarat&hellip;<\/p>\n","protected":false},"author":0,"featured_media":1500,"comment_status":"open","ping_status":"open","sticky":false,"template":"","format":"standard","meta":{"footnotes":""},"categories":[2],"tags":[],"class_list":["post-1499","post","type-post","status-publish","format-standard","has-post-thumbnail","hentry","category-actual"],"_links":{"self":[{"href":"https:\/\/247stiri.ro\/index.php\/wp-json\/wp\/v2\/posts\/1499","targetHints":{"allow":["GET"]}}],"collection":[{"href":"https:\/\/247stiri.ro\/index.php\/wp-json\/wp\/v2\/posts"}],"about":[{"href":"https:\/\/247stiri.ro\/index.php\/wp-json\/wp\/v2\/types\/post"}],"replies":[{"embeddable":true,"href":"https:\/\/247stiri.ro\/index.php\/wp-json\/wp\/v2\/comments?post=1499"}],"version-history":[{"count":0,"href":"https:\/\/247stiri.ro\/index.php\/wp-json\/wp\/v2\/posts\/1499\/revisions"}],"wp:featuredmedia":[{"embeddable":true,"href":"https:\/\/247stiri.ro\/index.php\/wp-json\/wp\/v2\/media\/1500"}],"wp:attachment":[{"href":"https:\/\/247stiri.ro\/index.php\/wp-json\/wp\/v2\/media?parent=1499"}],"wp:term":[{"taxonomy":"category","embeddable":true,"href":"https:\/\/247stiri.ro\/index.php\/wp-json\/wp\/v2\/categories?post=1499"},{"taxonomy":"post_tag","embeddable":true,"href":"https:\/\/247stiri.ro\/index.php\/wp-json\/wp\/v2\/tags?post=1499"}],"curies":[{"name":"wp","href":"https:\/\/api.w.org\/{rel}","templated":true}]}}