{"id":15044,"date":"2024-12-09T07:48:37","date_gmt":"2024-12-09T07:48:37","guid":{"rendered":"https:\/\/247stiri.ro\/index.php\/2024\/12\/09\/barbatul-de-37-de-ani-cercetat-pentru-antisemitism-a-fost-retinut-mesajul-uluitor-postat-pe-tiktok\/"},"modified":"2024-12-09T07:48:37","modified_gmt":"2024-12-09T07:48:37","slug":"barbatul-de-37-de-ani-cercetat-pentru-antisemitism-a-fost-retinut-mesajul-uluitor-postat-pe-tiktok","status":"publish","type":"post","link":"https:\/\/247stiri.ro\/index.php\/2024\/12\/09\/barbatul-de-37-de-ani-cercetat-pentru-antisemitism-a-fost-retinut-mesajul-uluitor-postat-pe-tiktok\/","title":{"rendered":"B\u0103rbatul de 37 de ani, cercetat pentru antisemitism, a fost RE\u021aINUT. Mesajul uluitor postat pe TikTok"},"content":{"rendered":"<p>&#8222;Dup\u0103 administrarea probatoriului \u015fi parcurgerea etapelor procesuale, b\u0103rbatul a fost re\u0163inut pentru 24 de ore, pe baz\u0103 de ordonan\u0163\u0103&#8221;, informeaz\u0103 luni Inspectoratul de Poli\u0163ie Jude\u0163ean (IPJ) Arge\u015f.<\/p>\n<p>Un prahovean care ar fi postat pe o re\u0163ea de socializare o filmare \u00een care f\u0103cea afirma\u0163ii de ur\u0103 \u00eempotriva evreilor a fost depistat, duminic\u0103, \u00eentr-un local din Pite\u015fti.<\/p>\n<p>&#8222;\u00cen ziua de 8 decembrie, poli\u0163i\u015ftii arge\u015feni s-au sesizat din oficiu cu privire la apari\u0163ia \u00een spa\u0163iul public, pe o re\u0163ea de socializare, a unui clip \u00een care o persoan\u0103 face afirma\u0163ii motivate de ur\u0103 la adresa persoanelor de etnie evreiasc\u0103. Ulterior, persoana \u00een cauz\u0103 a fost depistat\u0103 la un local din municipiul Pite\u015fti. Cel \u00een cauz\u0103 a fost condus la sediul poli\u0163iei, stabilindu-se c\u0103 este un b\u0103rbat de 37 de ani, din jude\u0163ul Prahova&#8221;, a anun\u0163at anterior IPJ Arge\u015f.<\/p>\n<p>\u00cen acest caz a fost \u00eentocmit dosar penal privind s\u0103v\u00e2r\u015firea infrac\u0163iunii prev\u0103zute de art. 3 din Legea 157 din 2018, sub supravegherea Pachetului de pe l\u00e2ng\u0103 Judec\u0103toria Pite\u015fti.\u00a0<\/p>","protected":false},"excerpt":{"rendered":"<p>&#8222;Dup\u0103 administrarea probatoriului \u015fi parcurgerea etapelor procesuale, b\u0103rbatul a fost re\u0163inut pentru 24 de ore,&hellip;<\/p>\n","protected":false},"author":0,"featured_media":15045,"comment_status":"open","ping_status":"open","sticky":false,"template":"","format":"standard","meta":{"footnotes":""},"categories":[2],"tags":[],"class_list":["post-15044","post","type-post","status-publish","format-standard","has-post-thumbnail","hentry","category-actual"],"_links":{"self":[{"href":"https:\/\/247stiri.ro\/index.php\/wp-json\/wp\/v2\/posts\/15044","targetHints":{"allow":["GET"]}}],"collection":[{"href":"https:\/\/247stiri.ro\/index.php\/wp-json\/wp\/v2\/posts"}],"about":[{"href":"https:\/\/247stiri.ro\/index.php\/wp-json\/wp\/v2\/types\/post"}],"replies":[{"embeddable":true,"href":"https:\/\/247stiri.ro\/index.php\/wp-json\/wp\/v2\/comments?post=15044"}],"version-history":[{"count":0,"href":"https:\/\/247stiri.ro\/index.php\/wp-json\/wp\/v2\/posts\/15044\/revisions"}],"wp:featuredmedia":[{"embeddable":true,"href":"https:\/\/247stiri.ro\/index.php\/wp-json\/wp\/v2\/media\/15045"}],"wp:attachment":[{"href":"https:\/\/247stiri.ro\/index.php\/wp-json\/wp\/v2\/media?parent=15044"}],"wp:term":[{"taxonomy":"category","embeddable":true,"href":"https:\/\/247stiri.ro\/index.php\/wp-json\/wp\/v2\/categories?post=15044"},{"taxonomy":"post_tag","embeddable":true,"href":"https:\/\/247stiri.ro\/index.php\/wp-json\/wp\/v2\/tags?post=15044"}],"curies":[{"name":"wp","href":"https:\/\/api.w.org\/{rel}","templated":true}]}}