{"id":15058,"date":"2024-12-09T08:46:13","date_gmt":"2024-12-09T08:46:13","guid":{"rendered":"https:\/\/247stiri.ro\/index.php\/2024\/12\/09\/sedinta-decisiva-la-usr-privind-viitoarea-guvernare-candidatura-elenei-lasconi-la-alegerile-prezidentiale-din-2025-luata-si-ea-in-discutie\/"},"modified":"2024-12-09T08:46:13","modified_gmt":"2024-12-09T08:46:13","slug":"sedinta-decisiva-la-usr-privind-viitoarea-guvernare-candidatura-elenei-lasconi-la-alegerile-prezidentiale-din-2025-luata-si-ea-in-discutie","status":"publish","type":"post","link":"https:\/\/247stiri.ro\/index.php\/2024\/12\/09\/sedinta-decisiva-la-usr-privind-viitoarea-guvernare-candidatura-elenei-lasconi-la-alegerile-prezidentiale-din-2025-luata-si-ea-in-discutie\/","title":{"rendered":"\u0218edin\u021b\u0103 decisiv\u0103 la USR privind viitoarea guvernare. Candidatura Elenei Lasconi la alegerile preziden\u021biale din 2025, luat\u0103 \u0219i ea \u00een discu\u021bie"},"content":{"rendered":"<p>Sunt discu\u021bii extrem de importante \u00een interiorul partidului \u0219i urmeaz\u0103 acum noi \u0219edin\u021be pentru a stabili cu excatitate ce vor face USR \u00een perioada urm\u0103toare.<\/p>\n<p>Deja liderii partidului s-au reunit duminic\u0103 seara \u00een dou\u0103 \u0219edin\u021be extrem de importante \u00een care au stabilit priorit\u0103\u021bile pentru viitoarea guvernare, asta \u00een condi\u021biile \u00een care USR, PNL, PSD \u0219i minorit\u0103\u021bile au semnat acea <a href=\"https:\/\/www.realitatea.net\/stiri\/politica\/psd-pnl-usr-udmr-si-reprezentantii-minoritatilor-nationale-au-convenit-formarea-unei-coalitii-proeuropene-pentru-stabilitate-si-modernizare-anuntul-lui-ilie-bolojan_67508ba704d15236ac3b3833\" target=\"_blank\">rezolu\u021bie<\/a> pentru a forma o majoritate \u00een viitorul Parlament \u0219i, de asemenea, pentru a forma viitoarea guvernare.<\/p>\n<p>\u00cen aceste momente sunt toate scenariile pe mas\u0103, inclusiv acela potrivit c\u0103ruia USR s\u0103 r\u0103m\u00e2n\u0103 \u00een opozi\u021bie \u00een viitoarea guvernare.\u00a0<\/p>\n<p>Discu\u021bii cu partidele politice vor mai exista \u00een urm\u0103toarea perioad\u0103.<\/p>\n<p>Dup\u0103 ce vor stabili toate aceste priorit\u0103\u021bi, USR trebuie s\u0103 stabileasc\u0103 dac\u0103 Elena Lasconi va r\u0103m\u00e2ne candidatul la preziden\u021biale pentru anul urm\u0103tor din partea partidului sau dac\u0103, \u00eempreun\u0103 cu celelalte partide pro europene, vor decide s\u0103 sus\u021bin\u0103 un anumit candidat. \u00cen acest sens, am v\u0103zut deja c\u0103 a fost vehiculat numele lui <a href=\"https:\/\/www.realitatea.net\/stiri\/actual\/nicusor-dan-propus-de-catre-onguri-si-politicieni-sa-candideze-la-alegerile-prezindentiale_675453783c7917056f3feea2\" target=\"_blank\">Nicu\u0219or Dan<\/a>.\u00a0<\/p>\n<p>Pe de alt\u0103 parte, apar deja tensiuni \u00een ceea ce prive\u0219te aceast\u0103 viitoare majoritate pentru c\u0103 &#8211; spunea Claudiu N\u0103sui \u00eentr-o postare pe Facebook &#8211; c\u0103 PSD \u0219i PNL \u00ee\u0219i doresc ca \u00een urm\u0103toarea perioad\u0103 s\u0103 creasc\u0103 taxele. USR nu este de acord cu asta. Totul ar depinde, spunea N\u0103sui, de Ilie Bolojan pentru c\u0103 dac\u0103 el ar vrea s\u0103 creasc\u0103 taxele, atunci vor cre\u0219te. Dac\u0103 nu, atunci USR s-ar al\u0103tura lui Ile Bolojan pentru a g\u00e2ndi o reform\u0103 astfel \u00eenc\u00e2t toate cheltuielile s\u0103 fie reduse \u0219i s\u0103 fie redus \u0219i deficitul bugetar.\u00a0\u00a0<\/p>","protected":false},"excerpt":{"rendered":"<p>Sunt discu\u021bii extrem de importante \u00een interiorul partidului \u0219i urmeaz\u0103 acum noi \u0219edin\u021be pentru a&hellip;<\/p>\n","protected":false},"author":0,"featured_media":15059,"comment_status":"open","ping_status":"open","sticky":false,"template":"","format":"standard","meta":{"footnotes":""},"categories":[3],"tags":[],"class_list":["post-15058","post","type-post","status-publish","format-standard","has-post-thumbnail","hentry","category-politica"],"_links":{"self":[{"href":"https:\/\/247stiri.ro\/index.php\/wp-json\/wp\/v2\/posts\/15058","targetHints":{"allow":["GET"]}}],"collection":[{"href":"https:\/\/247stiri.ro\/index.php\/wp-json\/wp\/v2\/posts"}],"about":[{"href":"https:\/\/247stiri.ro\/index.php\/wp-json\/wp\/v2\/types\/post"}],"replies":[{"embeddable":true,"href":"https:\/\/247stiri.ro\/index.php\/wp-json\/wp\/v2\/comments?post=15058"}],"version-history":[{"count":0,"href":"https:\/\/247stiri.ro\/index.php\/wp-json\/wp\/v2\/posts\/15058\/revisions"}],"wp:featuredmedia":[{"embeddable":true,"href":"https:\/\/247stiri.ro\/index.php\/wp-json\/wp\/v2\/media\/15059"}],"wp:attachment":[{"href":"https:\/\/247stiri.ro\/index.php\/wp-json\/wp\/v2\/media?parent=15058"}],"wp:term":[{"taxonomy":"category","embeddable":true,"href":"https:\/\/247stiri.ro\/index.php\/wp-json\/wp\/v2\/categories?post=15058"},{"taxonomy":"post_tag","embeddable":true,"href":"https:\/\/247stiri.ro\/index.php\/wp-json\/wp\/v2\/tags?post=15058"}],"curies":[{"name":"wp","href":"https:\/\/api.w.org\/{rel}","templated":true}]}}