{"id":15071,"date":"2024-12-09T08:46:14","date_gmt":"2024-12-09T08:46:14","guid":{"rendered":"https:\/\/247stiri.ro\/index.php\/2024\/12\/09\/ce-a-patit-un-preot-din-suceava-care-a-tinut-o-predica-anti-occident-reactia-arhiepiscopiei-sucevei-si-radautilor\/"},"modified":"2024-12-09T08:46:14","modified_gmt":"2024-12-09T08:46:14","slug":"ce-a-patit-un-preot-din-suceava-care-a-tinut-o-predica-anti-occident-reactia-arhiepiscopiei-sucevei-si-radautilor","status":"publish","type":"post","link":"https:\/\/247stiri.ro\/index.php\/2024\/12\/09\/ce-a-patit-un-preot-din-suceava-care-a-tinut-o-predica-anti-occident-reactia-arhiepiscopiei-sucevei-si-radautilor\/","title":{"rendered":"Ce a p\u0103\u021bit un preot din Suceava care a \u021binut o predic\u0103 anti-Occident. Reac\u021bia Arhiepiscopiei Sucevei \u015fi R\u0103d\u0103u\u0163ilor"},"content":{"rendered":"<p>Preot de la Catedrala din Vatra Dornei le-a spus credincio\u015filor afla\u0163i la slujb\u0103, duminic\u0103 diminea\u0163\u0103, c\u0103 politicienii rom\u00e2ni &#8222;nu mai au nimic cre\u015ftine\u015fte \u00een ei&#8221;. El a subliniat c\u0103 &#8222;drumul corect nu este cel spre Bruxelles sau Washington&#8221; \u015fi c\u0103 \u00een Rom\u00e2nia oamenii sunt persecuta\u0163i pentru c\u0103 &#8222;vorbesc altfel dec\u00e2t este politica oficial\u0103&#8221;, potrivit Agerpres.<\/p>\n<p>Predica a avut loc \u00een prima duminic\u0103 dup\u0103 anularea de c\u0103tre CCR a alegerilor preziden\u021biale, iar candidatul independent suveranist C\u0103lin Georgescu i-a \u00eendemnat pe rom\u00e2ni s\u0103 vin\u0103 la sec\u021biile de votare, \u00een mesaje , care intrase \u00een final\u0103, are trimiteri frecvente la Dumnezeu, Iisus Hristos \u0219i Biblie \u00een discursurile sale.<\/p>\n<p>Biroul de Pres\u0103 al Arhiepiscopiei Sucevei \u015fi R\u0103d\u0103u\u0163ilor a transmis luni c\u0103 se delimiteaz\u0103 de afirma\u021biile preotului \u0219i a reamintit c\u0103 Sf\u00e2ntul Sinod al Bisericii Ortodoxe Rom\u00e2ne a luat o decizie de men\u0163inere a neutralit\u0103\u0163ii politice \u00een activitatea clericilor.<\/p>\n<p>\u00a0\u00a0<\/p>\n<p>&#8222;Referitor la mesajul transmis \u00een cadrul predicii de p\u0103rintele slujitor de la catedrala din Vatra Dornei, Arhiepiscopia Sucevei \u015fi R\u0103d\u0103u\u0163ilor se delimiteaz\u0103 ferm de astfel de afirma\u0163ii p\u0103rtinitoare, care contravin \u00eendrum\u0103rilor Sf\u00e2ntului Sinod. Reamintim tuturor clericilor \u015fi personalului monahal c\u0103 hot\u0103r\u00e2rile Sf\u00e2ntului Sinod interzic orice form\u0103 de influen\u0163are a credincio\u015filor cu privire la o persoan\u0103 sau un partid politic, inclusiv \u00een afara campaniei electorale. Respectarea acestei hot\u0103r\u00e2ri este esen\u0163ial\u0103 pentru men\u0163inerea unit\u0103\u0163ii \u00een Biseric\u0103, precum \u015fi pentru asigurarea unei atitudini echilibrate \u015fi impar\u0163iale \u00een slujirea credincio\u015filor&#8221;, se precizeaz\u0103 \u00een comunicatul Arhiepiscopiei Sucevei \u015fi R\u0103d\u0103u\u0163ilor.<\/p>","protected":false},"excerpt":{"rendered":"<p>Preot de la Catedrala din Vatra Dornei le-a spus credincio\u015filor afla\u0163i la slujb\u0103, duminic\u0103 diminea\u0163\u0103,&hellip;<\/p>\n","protected":false},"author":0,"featured_media":15072,"comment_status":"open","ping_status":"open","sticky":false,"template":"","format":"standard","meta":{"footnotes":""},"categories":[2],"tags":[],"class_list":["post-15071","post","type-post","status-publish","format-standard","has-post-thumbnail","hentry","category-actual"],"_links":{"self":[{"href":"https:\/\/247stiri.ro\/index.php\/wp-json\/wp\/v2\/posts\/15071","targetHints":{"allow":["GET"]}}],"collection":[{"href":"https:\/\/247stiri.ro\/index.php\/wp-json\/wp\/v2\/posts"}],"about":[{"href":"https:\/\/247stiri.ro\/index.php\/wp-json\/wp\/v2\/types\/post"}],"replies":[{"embeddable":true,"href":"https:\/\/247stiri.ro\/index.php\/wp-json\/wp\/v2\/comments?post=15071"}],"version-history":[{"count":0,"href":"https:\/\/247stiri.ro\/index.php\/wp-json\/wp\/v2\/posts\/15071\/revisions"}],"wp:featuredmedia":[{"embeddable":true,"href":"https:\/\/247stiri.ro\/index.php\/wp-json\/wp\/v2\/media\/15072"}],"wp:attachment":[{"href":"https:\/\/247stiri.ro\/index.php\/wp-json\/wp\/v2\/media?parent=15071"}],"wp:term":[{"taxonomy":"category","embeddable":true,"href":"https:\/\/247stiri.ro\/index.php\/wp-json\/wp\/v2\/categories?post=15071"},{"taxonomy":"post_tag","embeddable":true,"href":"https:\/\/247stiri.ro\/index.php\/wp-json\/wp\/v2\/tags?post=15071"}],"curies":[{"name":"wp","href":"https:\/\/api.w.org\/{rel}","templated":true}]}}