{"id":15085,"date":"2024-12-09T09:48:20","date_gmt":"2024-12-09T09:48:20","guid":{"rendered":"https:\/\/247stiri.ro\/index.php\/2024\/12\/09\/toni-neacsu-semnal-de-alarma-dupa-decizia-ccr-guvernul-trebuie-sa-stabileasca-urgent-data-si-calendarul-alegerilor\/"},"modified":"2024-12-09T09:48:20","modified_gmt":"2024-12-09T09:48:20","slug":"toni-neacsu-semnal-de-alarma-dupa-decizia-ccr-guvernul-trebuie-sa-stabileasca-urgent-data-si-calendarul-alegerilor","status":"publish","type":"post","link":"https:\/\/247stiri.ro\/index.php\/2024\/12\/09\/toni-neacsu-semnal-de-alarma-dupa-decizia-ccr-guvernul-trebuie-sa-stabileasca-urgent-data-si-calendarul-alegerilor\/","title":{"rendered":"Toni Neac\u0219u, semnal de alarm\u0103 dup\u0103 decizia CCR: Guvernul trebuie s\u0103 stabileasc\u0103 URGENT data \u0219i calendarul alegerilor"},"content":{"rendered":"<p>\u00centr-o postare pe Facebook,\u00a0 avocatul Toni Neac\u0219u a prezentat &#8222;c\u00e2teva observa\u021bii de natur\u0103 practic\u0103 privind Hot\u0103r\u00e2rea CCR de anulare a alegerilor&#8221;:<\/p>\n<p>1. Prin aceea\u0219i hot\u0103r\u00e2re CCR a obligat si Guvernul s\u0103 emit\u0103 o noua hot\u0103r\u00e2re pentru a stabili data viitoarelor alegeri \u0219i calendarul acestora. CCR nu a spus ca trebuie a\u0219teptat un nou Guvern, doar Pre\u0219edintele Iohanis a stabilit cu de la sine putere, chiar \u00eenaintea public\u0103rii hot\u0103r\u00e2rii, un alt calendar \u0219i cerin\u021ba s\u0103 se formeze un nou Guvern.\u00a0Dac\u0103 Hot\u0103r\u00e2rea CCR este general obligatorie atunci este obligatorie \u00een toate componentele ei.\u00a02. Constitu\u021bia stabile\u0219te drept termen maxim pentru desf\u0103\u0219urarea noilor alegeri preziden\u021biale, e adev\u0103rat doar \u00eentr-o situatie similar\u0103 celei pe care o avem noi acum, 3 luni de la data anul\u0103rii alegerilor. Aceasta \u00eenseamn\u0103 c\u0103 p\u00e2n\u0103 \u00een data de 6 martie 2025 ar trebui sa avem organizat m\u0103car primul tur al noilor alegerilor. Acest lucru este imposibil dac\u0103 data alegerilor nu este stabilit\u0103 imediat, \u00een regim de urgen\u021b\u0103, de c\u0103tre actualul Guvern Ciolacu, mai exact \u00een aceast\u0103 s\u0103pt\u0103m\u00e2n\u0103.\u00a03. Pe 22 decembrie 2024 se vor valida alegerile parlamentare, ceea ce inseamna ca actualul Guvern Ciolacu \u00ee\u0219i va \u00eencheia de drept mandatul, urm\u00e2nd s\u0103 aib\u0103 puteri limitate, doar pentru administrarea treburilor publice \u0219i nu va mai avea legitimitatea pentru a stabili un nou calendar de alegeri.\u00a04. Pre\u0219edintele Iohanis va fi cel care va dicta modalitatea de formare a noului Guvern. Pentru ca \u00eens\u0103 mandatul acestuia de 5 ani s-a finalizat el nu va mai putea dizolva Parlamentul pentru a declan\u0219a alegeri anticipate oric\u00e2te respingeri a unor propuneri de Guvern \u00een Parlament or avea loc (art 89 alin 3 din Constitu\u021bie- Parlamentul nu poate fi dizolvat \u00een ultimele 6 luni ale mandatului presedintelui). Deci, teoretic, \u00eentruc\u00e2t nu va mai exista frica de alegeri anticipate, formarea noului Guvern \u00een Parlament poate dura oric\u00e2t., a explicat Toni Neac\u0219u.\u00a0<\/p>","protected":false},"excerpt":{"rendered":"<p>\u00centr-o postare pe Facebook,\u00a0 avocatul Toni Neac\u0219u a prezentat &#8222;c\u00e2teva observa\u021bii de natur\u0103 practic\u0103 privind&hellip;<\/p>\n","protected":false},"author":0,"featured_media":15086,"comment_status":"open","ping_status":"open","sticky":false,"template":"","format":"standard","meta":{"footnotes":""},"categories":[3],"tags":[],"class_list":["post-15085","post","type-post","status-publish","format-standard","has-post-thumbnail","hentry","category-politica"],"_links":{"self":[{"href":"https:\/\/247stiri.ro\/index.php\/wp-json\/wp\/v2\/posts\/15085","targetHints":{"allow":["GET"]}}],"collection":[{"href":"https:\/\/247stiri.ro\/index.php\/wp-json\/wp\/v2\/posts"}],"about":[{"href":"https:\/\/247stiri.ro\/index.php\/wp-json\/wp\/v2\/types\/post"}],"replies":[{"embeddable":true,"href":"https:\/\/247stiri.ro\/index.php\/wp-json\/wp\/v2\/comments?post=15085"}],"version-history":[{"count":0,"href":"https:\/\/247stiri.ro\/index.php\/wp-json\/wp\/v2\/posts\/15085\/revisions"}],"wp:featuredmedia":[{"embeddable":true,"href":"https:\/\/247stiri.ro\/index.php\/wp-json\/wp\/v2\/media\/15086"}],"wp:attachment":[{"href":"https:\/\/247stiri.ro\/index.php\/wp-json\/wp\/v2\/media?parent=15085"}],"wp:term":[{"taxonomy":"category","embeddable":true,"href":"https:\/\/247stiri.ro\/index.php\/wp-json\/wp\/v2\/categories?post=15085"},{"taxonomy":"post_tag","embeddable":true,"href":"https:\/\/247stiri.ro\/index.php\/wp-json\/wp\/v2\/tags?post=15085"}],"curies":[{"name":"wp","href":"https:\/\/api.w.org\/{rel}","templated":true}]}}