{"id":15091,"date":"2024-12-09T09:48:21","date_gmt":"2024-12-09T09:48:21","guid":{"rendered":"https:\/\/247stiri.ro\/index.php\/2024\/12\/09\/un-hot-roman-a-ajuns-sa-fie-adunat-de-pe-jos-de-politistii-italieni-compatriotul-s-a-ranit-cand-incerca-sa-fure-din-bancomat\/"},"modified":"2024-12-09T09:48:21","modified_gmt":"2024-12-09T09:48:21","slug":"un-hot-roman-a-ajuns-sa-fie-adunat-de-pe-jos-de-politistii-italieni-compatriotul-s-a-ranit-cand-incerca-sa-fure-din-bancomat","status":"publish","type":"post","link":"https:\/\/247stiri.ro\/index.php\/2024\/12\/09\/un-hot-roman-a-ajuns-sa-fie-adunat-de-pe-jos-de-politistii-italieni-compatriotul-s-a-ranit-cand-incerca-sa-fure-din-bancomat\/","title":{"rendered":"Un ho\u021b rom\u00e2n a ajuns s\u0103 fie adunat de pe jos de poli\u021bi\u0219tii italieni. Compatriotul s-a r\u0103nit c\u00e2nd \u00eencerca s\u0103 fure din bancomat"},"content":{"rendered":"<p>Incidentul s-a petrecut \u00een noaptea de vineri spre s\u00e2mb\u0103t\u0103, pe 6 decembrie, \u00een jurul orei 4 diminea\u021ba, c\u00e2nd tentativa de jaf s-a transformat \u00eentr-un e\u0219ec. B\u0103rbatul a fost g\u0103sit pe jos de c\u0103tre poli\u021bi\u0219ti \u0219i a fost arestat; \u00een prezent, el se afl\u0103 sub supravegherea carabinierilor la spitalul local, recuper\u00e2ndu-se \u00een urma r\u0103nilor suferite din cauza deton\u0103rii accidentale a explozibilului.\u00a0<\/p>\n<p>Conform autorit\u0103\u021bilor, cel pu\u021bin dou\u0103 persoane au fost implicate \u00een aceast\u0103 tentativ\u0103. Carabinierii din Foligno au reac\u021bionat rapid dup\u0103 ce un localnic a alertat autorit\u0103\u021bile, \u00eengrijorat de zgomotele suspecte \u0219i de activit\u0103\u021bile neobi\u0219nuite din jurul bancomatului. \u00cen timpul interven\u021biei, unul dintre autori a fost g\u0103sit r\u0103nit la scurt\u0103 distan\u021b\u0103 de locul incidentului, \u00een timp ce complicele s\u0103u a reu\u0219it s\u0103 fug\u0103.<\/p>\n<p><a title=\"Barbatul de 37 de ani, cercetat pentru antisemitism, a fost RETINUT. Mesajul uluitor postat pe TikTok\" href=\"https:\/\/www.realitatea.net\/stiri\/actual\/barbatul-de-37-de-ani-cercetat-pentru-antisemitism-a-fost-retinut-mesajul-uluitor-postat-pe-tiktok_675695b6629aa471231a2352\">B\u0103rbatul de 37 de ani, cercetat pentru antisemitism, a fost RE\u021aINUT. Mesajul uluitor postat pe TikTok<\/a><\/p>\n<p>Victima exploziei, un rom\u00e2n \u00een v\u00e2rst\u0103 de 48 de ani, a fost preluat\u0103 de un echipaj de urgen\u021b\u0103 \u0219i transportat\u0103 la spital pentru tratament. De\u0219i r\u0103nile sale nu \u00eei pun via\u021ba \u00een pericol, starea sa este monitorizat\u0103 cu aten\u021bie de personalul medical, iar carabinierii asigur\u0103 supravegherea acestuia \u00een mod constant.<\/p>\n<p>Carabinierii au desf\u0103\u0219urat o inspec\u021bie am\u0103nun\u021bit\u0103 la locul fapte \u0219i au str\u00e2ns dovezi care ar putea fi utile \u00een identificarea complicilor \u0219i \u00een reconstituirea exact\u0103 a dinamicii evenimentelor. Cercet\u0103rile sunt coordonate de Parchetul din Spoleto, care a deschis un dosar penal.\u00a0\u00a0\u00cen cadrul investiga\u021biilor, autorit\u0103\u021bile au descoperit c\u0103 b\u0103rbatul re\u021binut era c\u0103utat la nivel interna\u021bional pentru infrac\u021biuni similare. Pe numele s\u0103u existau dou\u0103 mandate europene de arestare, emise de autorit\u0103\u021bile din Rom\u00e2nia \u0219i Fran\u021ba, pentru fapte comise \u00eentre 2019 \u0219i 2023, scrie Stiri Diaspora. Acestea includeau multiple tentative de jaf \u0219i distrugeri cauzate prin folosirea de materiale explozive.\u00a0Potrivit surselor judiciare, el opera de obicei \u00eempreun\u0103 cu alte persoane \u0219i utiliza materiale explozive pentru a sparge bancomate \u0219i alte sisteme automate de pl\u0103\u021bi.\u00a0\u00a0<a title=\"Cantitate impresionanta de articole pirotehnice, descoperita in portbagajul a doua persoane din Ilfov. Unde urma sa ajunga marfa\" href=\"https:\/\/www.realitatea.net\/stiri\/actual\/cantitate-impresionanta-de-articole-pirotehnice-descoperite-in-portbagajul-a-doua-persoane-din-ilfov-und-eurma-sa-ajunga-marfa_6756b1d69d00fa61466ef2f2\">Cantitate impresionant\u0103 de articole pirotehnice, descoperit\u0103 \u00een portbagajul a dou\u0103 persoane din Ilfov. Unde urma s\u0103 ajung\u0103 marfa<\/a><\/p>","protected":false},"excerpt":{"rendered":"<p>Incidentul s-a petrecut \u00een noaptea de vineri spre s\u00e2mb\u0103t\u0103, pe 6 decembrie, \u00een jurul orei&hellip;<\/p>\n","protected":false},"author":0,"featured_media":15092,"comment_status":"open","ping_status":"open","sticky":false,"template":"","format":"standard","meta":{"footnotes":""},"categories":[2],"tags":[],"class_list":["post-15091","post","type-post","status-publish","format-standard","has-post-thumbnail","hentry","category-actual"],"_links":{"self":[{"href":"https:\/\/247stiri.ro\/index.php\/wp-json\/wp\/v2\/posts\/15091","targetHints":{"allow":["GET"]}}],"collection":[{"href":"https:\/\/247stiri.ro\/index.php\/wp-json\/wp\/v2\/posts"}],"about":[{"href":"https:\/\/247stiri.ro\/index.php\/wp-json\/wp\/v2\/types\/post"}],"replies":[{"embeddable":true,"href":"https:\/\/247stiri.ro\/index.php\/wp-json\/wp\/v2\/comments?post=15091"}],"version-history":[{"count":0,"href":"https:\/\/247stiri.ro\/index.php\/wp-json\/wp\/v2\/posts\/15091\/revisions"}],"wp:featuredmedia":[{"embeddable":true,"href":"https:\/\/247stiri.ro\/index.php\/wp-json\/wp\/v2\/media\/15092"}],"wp:attachment":[{"href":"https:\/\/247stiri.ro\/index.php\/wp-json\/wp\/v2\/media?parent=15091"}],"wp:term":[{"taxonomy":"category","embeddable":true,"href":"https:\/\/247stiri.ro\/index.php\/wp-json\/wp\/v2\/categories?post=15091"},{"taxonomy":"post_tag","embeddable":true,"href":"https:\/\/247stiri.ro\/index.php\/wp-json\/wp\/v2\/tags?post=15091"}],"curies":[{"name":"wp","href":"https:\/\/api.w.org\/{rel}","templated":true}]}}