{"id":15120,"date":"2024-12-09T10:53:58","date_gmt":"2024-12-09T10:53:58","guid":{"rendered":"https:\/\/247stiri.ro\/index.php\/2024\/12\/09\/romanii-au-inceput-sa-isi-taie-buletinele-sau-pasapoartele-ca-protest-impotriva-deciziei-ccr-de-a-anula-alegerile-noua-provocare-pe-tiktok\/"},"modified":"2024-12-09T10:53:58","modified_gmt":"2024-12-09T10:53:58","slug":"romanii-au-inceput-sa-isi-taie-buletinele-sau-pasapoartele-ca-protest-impotriva-deciziei-ccr-de-a-anula-alegerile-noua-provocare-pe-tiktok","status":"publish","type":"post","link":"https:\/\/247stiri.ro\/index.php\/2024\/12\/09\/romanii-au-inceput-sa-isi-taie-buletinele-sau-pasapoartele-ca-protest-impotriva-deciziei-ccr-de-a-anula-alegerile-noua-provocare-pe-tiktok\/","title":{"rendered":"Rom\u00e2nii au \u00eenceput s\u0103 \u00ee\u0219i taie buletinele sau pa\u0219apoartele, ca protest \u00eempotriva deciziei CCR de a anula alegerile. Noua provocare pe TikTok"},"content":{"rendered":"<p>Decizia CCR, care a l\u0103sat o mare parte a popula\u021biei dezam\u0103git\u0103 \u0219i frustrat\u0103, a generat un val de reac\u021bii. Mul\u021bi rom\u00e2ni consider\u0103 c\u0103 aceast\u0103 m\u0103sur\u0103 le-a \u201efurat\u201d dreptul de a-\u0219i exprima voin\u021ba \u00een cadrul alegerilor, iar distrugerea documentelor de identitate a devenit un simbol al protestului \u00eempotriva unei situa\u021bii percepute ca fiind injuste.<\/p>\n<p>\u201eNe-a\u021bi luat ultima speran\u021b\u0103 de a fi rom\u00e2n\u201d, spune un t\u00e2n\u0103r \u00een timp ce taie furios cartea de identitate cu o foarfec\u0103. Apoi, arat\u0103 pa\u0219aportul la camer\u0103, pe care \u00eel face buc\u0103\u021bi.<\/p>\n<p><a title=\"@hotuldesufletee\" href=\"https:\/\/www.tiktok.com\/@hotuldesufletee?refer=embed\" target=\"_blank\">@hotuldesufletee<\/a><\/p>\n<p>\u00a0<\/p>\n<p><a title=\"\u266c sunet original - TuestiBaza\" href=\"https:\/\/www.tiktok.com\/music\/sunet-original-7391130098403216160?refer=embed\" target=\"_blank\">\u266c sunet original &#8211; TuestiBaza<\/a><\/p>\n<p>Un alt compatriot din diaspora se filmeaz\u0103 \u00een timp ce \u00ee\u0219i taie cartea de identitate rom\u00e2neasc\u0103:<\/p>\n<p><a title=\"@ilie.timis5\" href=\"https:\/\/www.tiktok.com\/@ilie.timis5?refer=embed\" target=\"_blank\">@ilie.timis5<\/a><\/p>\n<p>\u00a0<\/p>\n<p><a title=\"\u266c sunet original - \ud83d\udd39B.U.G - MAFIA \ud83d\udd39\" href=\"https:\/\/www.tiktok.com\/music\/sunet-original-6945486518895020806?refer=embed\" target=\"_blank\">\u266c sunet original &#8211; \ud83d\udd39B.U.G &#8211; MAFIA \ud83d\udd39<\/a><\/p>\n<p>Reac\u021biile intrnau\u021bilor au variat \u00eentre sus\u021binere, p\u0103rere de r\u0103u \u0219i ironie<\/p>\n<p>\u201ePai si cand te duci sa-ti ridici socialu&#8221;, ce faci?!\u201d<\/p>\n<p>\u201eGreu Romane&#8230;. m-ai f\u0103cut s\u0103 pl\u00e2ng \u00een hohote &#8230; Dumnezeu sa \u00ee\u021bi c\u0103l\u0103uzeasc\u0103 calea!\u201d<\/p>\n<p>\u201eAm refuzat cet\u0103\u021benia germana \u00een nenum\u0103rate r\u00e2nduri&#8230;dar acum o sa cer personal asta &#8230;Ru\u0219ine politicienilor corup\u021bi&#8230;tara era \u0219i a noastr\u0103 nu numai a voastr\u0103 penalilor\u201d<\/p>\n<p><a title=\"Un hot roman a ajuns sa fie adunat de pe jos de politistii italieni. Compatriotul s-a ranit cand incerca sa fure din bancomat\" href=\"https:\/\/www.realitatea.net\/stiri\/actual\/un-hot-roman-a-ajuns-sa-fie-adunat-de-pe-jos-de-politistii-italieni-compatriotul-sa-ranit-cand-incerca-sa-fure-din-bancomat_6756b47a4e22a25fa13ea6db\">Un ho\u021b rom\u00e2n a ajuns s\u0103 fie adunat de pe jos de poli\u021bi\u0219tii italieni. Compatriotul s-a r\u0103nit c\u00e2nd \u00eencerca s\u0103 fure din bancomat<\/a><\/p>","protected":false},"excerpt":{"rendered":"<p>Decizia CCR, care a l\u0103sat o mare parte a popula\u021biei dezam\u0103git\u0103 \u0219i frustrat\u0103, a generat&hellip;<\/p>\n","protected":false},"author":0,"featured_media":15121,"comment_status":"open","ping_status":"open","sticky":false,"template":"","format":"standard","meta":{"footnotes":""},"categories":[2],"tags":[],"class_list":["post-15120","post","type-post","status-publish","format-standard","has-post-thumbnail","hentry","category-actual"],"_links":{"self":[{"href":"https:\/\/247stiri.ro\/index.php\/wp-json\/wp\/v2\/posts\/15120","targetHints":{"allow":["GET"]}}],"collection":[{"href":"https:\/\/247stiri.ro\/index.php\/wp-json\/wp\/v2\/posts"}],"about":[{"href":"https:\/\/247stiri.ro\/index.php\/wp-json\/wp\/v2\/types\/post"}],"replies":[{"embeddable":true,"href":"https:\/\/247stiri.ro\/index.php\/wp-json\/wp\/v2\/comments?post=15120"}],"version-history":[{"count":0,"href":"https:\/\/247stiri.ro\/index.php\/wp-json\/wp\/v2\/posts\/15120\/revisions"}],"wp:featuredmedia":[{"embeddable":true,"href":"https:\/\/247stiri.ro\/index.php\/wp-json\/wp\/v2\/media\/15121"}],"wp:attachment":[{"href":"https:\/\/247stiri.ro\/index.php\/wp-json\/wp\/v2\/media?parent=15120"}],"wp:term":[{"taxonomy":"category","embeddable":true,"href":"https:\/\/247stiri.ro\/index.php\/wp-json\/wp\/v2\/categories?post=15120"},{"taxonomy":"post_tag","embeddable":true,"href":"https:\/\/247stiri.ro\/index.php\/wp-json\/wp\/v2\/tags?post=15120"}],"curies":[{"name":"wp","href":"https:\/\/api.w.org\/{rel}","templated":true}]}}