{"id":15139,"date":"2024-12-09T11:47:57","date_gmt":"2024-12-09T11:47:57","guid":{"rendered":"https:\/\/247stiri.ro\/index.php\/2024\/12\/09\/iarna-le-da-batai-de-cap-soferilor-care-circula-pe-drumurile-din-judetul-harghita-unde-se-circula-cel-mai-greu\/"},"modified":"2024-12-09T11:47:57","modified_gmt":"2024-12-09T11:47:57","slug":"iarna-le-da-batai-de-cap-soferilor-care-circula-pe-drumurile-din-judetul-harghita-unde-se-circula-cel-mai-greu","status":"publish","type":"post","link":"https:\/\/247stiri.ro\/index.php\/2024\/12\/09\/iarna-le-da-batai-de-cap-soferilor-care-circula-pe-drumurile-din-judetul-harghita-unde-se-circula-cel-mai-greu\/","title":{"rendered":"Iarna le d\u0103 b\u0103t\u0103i de cap \u0219oferilor care circul\u0103 pe drumurile din jude\u021bul Harghita. Unde se circul\u0103 cel mai greu"},"content":{"rendered":"<p>Centrul Infotrafic al Poli\u0163iei Rom\u00e2ne anun\u0163\u0103 c\u0103, din cauza ninsorii abundente \u015fi a acumul\u0103rii de strat de z\u0103pad\u0103 pe partea carosabil\u0103, traficul rutier se desf\u0103\u015foar\u0103 \u00eengreunat, prin dirijare, pe DN 12A, \u00eentre localit\u0103\u0163ile Frumoasa \u015fi Lunca de Sus, din\u00a0 jude\u0163ul Harghita.<\/p>\n<p>\u00cen zon\u0103 se ac\u0163ioneaz\u0103 pentru desz\u0103pezire.<\/p>\n<p>\u00cen contextul avertiz\u0103rii meteorologice Cod Galben, care vizeaz\u0103 ninsori \u015fi strat de z\u0103pad\u0103 consistent \u00een zona jude\u0163elor Harghita, Neam\u0163 \u015fi Suceava, poli\u0163i\u015ftii rutieri recomand\u0103 aten\u0163ie deosebit\u0103 la c\u0103l\u0103torii.<\/p>\n<p>Ei \u00eei sf\u0103tuiesc pe \u015foferi ca, \u00eenainte de a pleca la drum, s\u0103 verifice nivelul combustibilului\/bateriei, al lichidului de parbriz, care s\u0103 fie rezistent la \u00eenghe\u0163, s\u0103 circule cu o vitez\u0103 adaptat\u0103 \u00een permanen\u0163\u0103 condi\u0163iilor de trafic \u015fi de drum, p\u0103str\u00e2nd \u00een mers o distan\u0163\u0103 suficient\u0103 pentru a putea opri \u00een condi\u0163ii de siguran\u0163\u0103 \u015fi s\u0103 \u00ee\u015fi echipeze corespunz\u0103tor autovehiculele cu anvelopele de iarn\u0103.<\/p>","protected":false},"excerpt":{"rendered":"<p>Centrul Infotrafic al Poli\u0163iei Rom\u00e2ne anun\u0163\u0103 c\u0103, din cauza ninsorii abundente \u015fi a acumul\u0103rii de&hellip;<\/p>\n","protected":false},"author":0,"featured_media":15140,"comment_status":"open","ping_status":"open","sticky":false,"template":"","format":"standard","meta":{"footnotes":""},"categories":[2],"tags":[],"class_list":["post-15139","post","type-post","status-publish","format-standard","has-post-thumbnail","hentry","category-actual"],"_links":{"self":[{"href":"https:\/\/247stiri.ro\/index.php\/wp-json\/wp\/v2\/posts\/15139","targetHints":{"allow":["GET"]}}],"collection":[{"href":"https:\/\/247stiri.ro\/index.php\/wp-json\/wp\/v2\/posts"}],"about":[{"href":"https:\/\/247stiri.ro\/index.php\/wp-json\/wp\/v2\/types\/post"}],"replies":[{"embeddable":true,"href":"https:\/\/247stiri.ro\/index.php\/wp-json\/wp\/v2\/comments?post=15139"}],"version-history":[{"count":0,"href":"https:\/\/247stiri.ro\/index.php\/wp-json\/wp\/v2\/posts\/15139\/revisions"}],"wp:featuredmedia":[{"embeddable":true,"href":"https:\/\/247stiri.ro\/index.php\/wp-json\/wp\/v2\/media\/15140"}],"wp:attachment":[{"href":"https:\/\/247stiri.ro\/index.php\/wp-json\/wp\/v2\/media?parent=15139"}],"wp:term":[{"taxonomy":"category","embeddable":true,"href":"https:\/\/247stiri.ro\/index.php\/wp-json\/wp\/v2\/categories?post=15139"},{"taxonomy":"post_tag","embeddable":true,"href":"https:\/\/247stiri.ro\/index.php\/wp-json\/wp\/v2\/tags?post=15139"}],"curies":[{"name":"wp","href":"https:\/\/api.w.org\/{rel}","templated":true}]}}