{"id":15146,"date":"2024-12-09T11:47:58","date_gmt":"2024-12-09T11:47:58","guid":{"rendered":"https:\/\/247stiri.ro\/index.php\/2024\/12\/09\/grupul-electrica-supus-unui-atac-cibernetic-recomandarea-reprezentantilor-companiei-catre-consumatori\/"},"modified":"2024-12-09T11:47:58","modified_gmt":"2024-12-09T11:47:58","slug":"grupul-electrica-supus-unui-atac-cibernetic-recomandarea-reprezentantilor-companiei-catre-consumatori","status":"publish","type":"post","link":"https:\/\/247stiri.ro\/index.php\/2024\/12\/09\/grupul-electrica-supus-unui-atac-cibernetic-recomandarea-reprezentantilor-companiei-catre-consumatori\/","title":{"rendered":"Grupul Electrica,  supus unui ATAC CIBERNETIC. Recomandarea reprezentan\u021bilor companiei c\u0103tre consumatori"},"content":{"rendered":"<p>\u201dGrupul Electrica anun\u0163\u0103 c\u0103 este supus unui atac cibernetic. Echipele de speciali\u015fti colaboreaz\u0103 str\u00e2ns cu autorit\u0103\u0163ile na\u0163ionale \u00een domeniul securit\u0103\u0163ii cibernetice pentru gestionarea \u015fi remedierea incidentului, av\u00e2nd ca obiectiv rezolvarea situa\u0163iei \u00eentr-un timp c\u00e2t mai scurt, identificarea sursei atacului \u015fi limitarea impactului acestuia. Dorim s\u0103 subliniem c\u0103 nu sunt afectate sistemele critice ale grupului, iar eventualele disfunc\u0163ionalit\u0103\u0163i ap\u0103rute \u00een interac\u0163iunea cu consumatorii no\u015ftri sunt efecte ale m\u0103surilor de protec\u0163ie a infrastructurii interne. Aceste m\u0103suri sunt temporare \u015fi au rolul de a asigura securitatea \u00eentregului sistem\u201d, a anun\u0163at compania.<\/p>\n<p>Potrivit sursei citate, \u00een acest moment, toate protocoalele de r\u0103spuns specifice au fost deja activate conform procedurilor interne \u015fi reglement\u0103rilor \u00een vigoare.<\/p>\n<p>\u201dPrioritatea noastr\u0103 principal\u0103 o reprezint\u0103 men\u0163inerea continuit\u0103\u0163ii \u00een distribu\u0163ia \u015fi furnizarea energiei electrice, precum \u015fi protejarea datelor personale gestionate, \u015fi a celor opera\u0163ionale ale tuturor entit\u0103\u0163ilor din cadrul Grupului Electrica. Vom continua s\u0103 inform\u0103m publicul despre evolu\u0163ia situa\u0163iei \u015fi m\u0103surile \u00eentreprinse pentru remedierea acesteia. \u00cen acest context, recomand\u0103m consumatorilor no\u015ftri s\u0103 fie aten\u0163i la orice mesaje suspecte primite \u00een numele companiei \u015fi s\u0103 evite furnizarea de date personale prin canale nesecurizate\u201d, mai arat\u0103 reprezentan\u021bii Electrica.<\/p>\n<p>\u00a0<\/p>","protected":false},"excerpt":{"rendered":"<p>\u201dGrupul Electrica anun\u0163\u0103 c\u0103 este supus unui atac cibernetic. Echipele de speciali\u015fti colaboreaz\u0103 str\u00e2ns cu&hellip;<\/p>\n","protected":false},"author":0,"featured_media":15147,"comment_status":"open","ping_status":"open","sticky":false,"template":"","format":"standard","meta":{"footnotes":""},"categories":[2],"tags":[],"class_list":["post-15146","post","type-post","status-publish","format-standard","has-post-thumbnail","hentry","category-actual"],"_links":{"self":[{"href":"https:\/\/247stiri.ro\/index.php\/wp-json\/wp\/v2\/posts\/15146","targetHints":{"allow":["GET"]}}],"collection":[{"href":"https:\/\/247stiri.ro\/index.php\/wp-json\/wp\/v2\/posts"}],"about":[{"href":"https:\/\/247stiri.ro\/index.php\/wp-json\/wp\/v2\/types\/post"}],"replies":[{"embeddable":true,"href":"https:\/\/247stiri.ro\/index.php\/wp-json\/wp\/v2\/comments?post=15146"}],"version-history":[{"count":0,"href":"https:\/\/247stiri.ro\/index.php\/wp-json\/wp\/v2\/posts\/15146\/revisions"}],"wp:featuredmedia":[{"embeddable":true,"href":"https:\/\/247stiri.ro\/index.php\/wp-json\/wp\/v2\/media\/15147"}],"wp:attachment":[{"href":"https:\/\/247stiri.ro\/index.php\/wp-json\/wp\/v2\/media?parent=15146"}],"wp:term":[{"taxonomy":"category","embeddable":true,"href":"https:\/\/247stiri.ro\/index.php\/wp-json\/wp\/v2\/categories?post=15146"},{"taxonomy":"post_tag","embeddable":true,"href":"https:\/\/247stiri.ro\/index.php\/wp-json\/wp\/v2\/tags?post=15146"}],"curies":[{"name":"wp","href":"https:\/\/api.w.org\/{rel}","templated":true}]}}