{"id":15170,"date":"2024-12-09T12:48:24","date_gmt":"2024-12-09T12:48:24","guid":{"rendered":"https:\/\/247stiri.ro\/index.php\/2024\/12\/09\/kremlinul-refuza-sa-confirme-prezenta-lui-assad-in-rusia-dmitri-peskov-nu-mai-am-nimic-sa-va-spun\/"},"modified":"2024-12-09T12:48:24","modified_gmt":"2024-12-09T12:48:24","slug":"kremlinul-refuza-sa-confirme-prezenta-lui-assad-in-rusia-dmitri-peskov-nu-mai-am-nimic-sa-va-spun","status":"publish","type":"post","link":"https:\/\/247stiri.ro\/index.php\/2024\/12\/09\/kremlinul-refuza-sa-confirme-prezenta-lui-assad-in-rusia-dmitri-peskov-nu-mai-am-nimic-sa-va-spun\/","title":{"rendered":"Kremlinul refuz\u0103 s\u0103 confirme prezen\u0163a lui Assad \u00een Rusia. Dmitri Peskov: &#8222;Nu mai am nimic s\u0103 v\u0103 spun&#8221;"},"content":{"rendered":"<p>&#8222;Nu am nimic s\u0103 v\u0103 spun despre deplas\u0103rile pre\u015fedintele Assad&#8221;, a declarat presei purt\u0103torul de cuv\u00e2nt al Kremlinului, Dmitri Peskov, ad\u0103ug\u00e2nd c\u0103 &#8222;nu exist\u0103 nicio \u00eent\u00e2lnire (planificat\u0103 \u00eentre Putin \u015fi Assad) pe agenda oficial\u0103 a pre\u015fedintelui rus&#8221;.<\/p>\n<p>Agen\u0163iile de \u015ftiri ruse au relatat duminic\u0103 seara, cit\u00e2nd o surs\u0103 de la Kremlin, c\u0103 Bashar al-Assad, aliat al Rusiei, \u015fi familia sa se afl\u0103 la Moscova dup\u0103 ce au p\u0103r\u0103sit Siria \u00een urma unei ofensive fulger a grupurilor rebele conduse de islami\u015fti radicali.<\/p>\n<p>\u00centrebat dac\u0103 Vladimir Putin a luat personal decizia de a-i acorda refugiu lui Bashar al-Assad, Peskov a r\u0103spuns c\u0103 &#8222;astfel de decizii nu pot fi luate f\u0103r\u0103 \u015feful statului&#8221;. &#8222;Nu mai am nimic s\u0103 v\u0103 spun&#8221;, a ad\u0103ugat el.<\/p>\n<p>Potrivit lui Peskov, &#8222;\u00eentreaga lume a fost surprins\u0103 de ceea ce s-a \u00eent\u00e2mplat&#8221; \u00een Siria.<\/p>\n<p>&#8222;Nu facem excep\u0163ie&#8221;, a subliniat el.<\/p>\n<p>Peskov consider\u0103, de asemenea, &#8222;necesar&#8221; s\u0103 se discute cu viitoarele autorit\u0103\u0163i siriene despre posibila men\u0163inere a bazei navale ruse de la Tartus \u015fi a unui aerodrom militar rus de la Hmeimim.<\/p>\n<p>&#8222;Acesta este subiectul discu\u0163iilor cu cei care vor fi la putere \u00een Siria&#8221;, a spus el, d\u00e2nd asigur\u0103ri c\u0103 Rusia face &#8222;tot posibilul \u015fi tot ce este necesar pentru a lua leg\u0103tura cu cei care se pot ocupa de asigurarea securit\u0103\u0163ii&#8221; bazelor militare ruse\u015fti din \u0163ar\u0103.<\/p>\n<p>Rusia, care intervine militar \u00een Siria din 2015 \u00een sprijinul lui Bashar al-Assad, se a\u015fteapt\u0103 la o &#8222;perioad\u0103 foarte dificil\u0103, legat\u0103 de instabilitate&#8221; \u00een aceast\u0103 \u0163ar\u0103, potrivit lui Peskov.<\/p>\n<p>\u00cen acest context, &#8222;este foarte important s\u0103 men\u0163inem un dialog cu toate \u0163\u0103rile&#8221; din regiune, a ad\u0103ugat el, subliniind c\u0103 Rusia are o &#8222;inten\u0163ie puternic\u0103 de a face acest lucru&#8221;.<\/p>","protected":false},"excerpt":{"rendered":"<p>&#8222;Nu am nimic s\u0103 v\u0103 spun despre deplas\u0103rile pre\u015fedintele Assad&#8221;, a declarat presei purt\u0103torul de&hellip;<\/p>\n","protected":false},"author":0,"featured_media":15160,"comment_status":"open","ping_status":"open","sticky":false,"template":"","format":"standard","meta":{"footnotes":""},"categories":[2],"tags":[],"class_list":["post-15170","post","type-post","status-publish","format-standard","has-post-thumbnail","hentry","category-actual"],"_links":{"self":[{"href":"https:\/\/247stiri.ro\/index.php\/wp-json\/wp\/v2\/posts\/15170","targetHints":{"allow":["GET"]}}],"collection":[{"href":"https:\/\/247stiri.ro\/index.php\/wp-json\/wp\/v2\/posts"}],"about":[{"href":"https:\/\/247stiri.ro\/index.php\/wp-json\/wp\/v2\/types\/post"}],"replies":[{"embeddable":true,"href":"https:\/\/247stiri.ro\/index.php\/wp-json\/wp\/v2\/comments?post=15170"}],"version-history":[{"count":0,"href":"https:\/\/247stiri.ro\/index.php\/wp-json\/wp\/v2\/posts\/15170\/revisions"}],"wp:featuredmedia":[{"embeddable":true,"href":"https:\/\/247stiri.ro\/index.php\/wp-json\/wp\/v2\/media\/15160"}],"wp:attachment":[{"href":"https:\/\/247stiri.ro\/index.php\/wp-json\/wp\/v2\/media?parent=15170"}],"wp:term":[{"taxonomy":"category","embeddable":true,"href":"https:\/\/247stiri.ro\/index.php\/wp-json\/wp\/v2\/categories?post=15170"},{"taxonomy":"post_tag","embeddable":true,"href":"https:\/\/247stiri.ro\/index.php\/wp-json\/wp\/v2\/tags?post=15170"}],"curies":[{"name":"wp","href":"https:\/\/api.w.org\/{rel}","templated":true}]}}