{"id":15188,"date":"2024-12-09T13:47:07","date_gmt":"2024-12-09T13:47:07","guid":{"rendered":"https:\/\/247stiri.ro\/index.php\/2024\/12\/09\/romania-schengen-si-vizele-pentru-sua-pasi-importanti-catre-integrare-si-mobilitate\/"},"modified":"2024-12-09T13:47:07","modified_gmt":"2024-12-09T13:47:07","slug":"romania-schengen-si-vizele-pentru-sua-pasi-importanti-catre-integrare-si-mobilitate","status":"publish","type":"post","link":"https:\/\/247stiri.ro\/index.php\/2024\/12\/09\/romania-schengen-si-vizele-pentru-sua-pasi-importanti-catre-integrare-si-mobilitate\/","title":{"rendered":"Rom\u00e2nia: Schengen \u0219i vizele pentru SUA \u2013 Pa\u0219i importan\u021bi c\u0103tre integrare \u0219i mobilitate"},"content":{"rendered":"<p>Dup\u0103 aproape 17 ani de la aderarea la Uniunea European\u0103, Rom\u00e2nia se preg\u0103te\u0219te s\u0103 devin\u0103 membru cu drepturi depline al spa\u021biului Schengen. Aceast\u0103 decizie a fost reconfirmat\u0103 recent at\u00e2t \u00een plenul Parlamentului European, c\u00e2t \u0219i de c\u0103tre Comitetul Reprezentan\u021bilor Permanen\u021bi ai guvernelor din statele membre ale Uniunii Europene (COREPER).<\/p>\n<p>Decizia are o semnifica\u021bie major\u0103, oferind beneficii economice \u0219i logistice nu doar Rom\u00e2niei, ci \u0219i \u00eentregii Uniuni Europene. Integrarea deplin\u0103 a Rom\u00e2niei \u00een Schengen va elimina controalele la frontier\u0103, facilit\u00e2nd transportul de m\u0103rfuri, mobilitatea cet\u0103\u021benilor \u0219i consolidarea securit\u0103\u021bii pe flancul estic al Uniunii.<\/p>\n<p>Aceast\u0103 realizare vine \u0219i ca rezultat al unui efort concertat din partea reprezentan\u021bilor politici rom\u00e2ni la Bruxelles. Coordonarea strategic\u0103 \u0219i angajamentul unor echipe de negociatori au fost esen\u021biale \u00een atingerea acestui obiectiv, reflect\u00e2nd o abordare pragmatic\u0103 orientat\u0103 spre rezultate.<\/p>\n<p>Echipa PSD din Parlamentul European a avut totu\u0219i un rol esen\u021bial \u00een acest proces. Prin implicarea Eurodeputa\u021bilor precum Victor Negrescu s-a reu\u0219it s\u0103 asigure sprijinul necesar pentru ca Rom\u00e2nia s\u0103 fac\u0103 acest pas istoric.\u00a0\u00a0De asemenea, \u015etefan Mu\u015foiu, actualmente Europarlamentar, a sus\u0163inut aceste eforturi \u00eenc\u0103 din perioada \u00een care era deputat na\u0163ional, Pre\u015fedinte al Comisiei pentru afaceri europene din Parlamentul Rom\u00e2niei. \u00a0<\/p>\n<p>Ridicarea vizelor pentru SUA: O nou\u0103 deschidere pentru cet\u0103\u021benii rom\u00e2ni<\/p>\n<p>Rom\u00e2nia a primit, de asemenea, confirmarea includerii \u00een Programul Visa Waiver al SUA. Departamentul de Stat american a anun\u021bat c\u0103 rata de refuz a vizelor pentru cet\u0103\u021benii rom\u00e2ni a sc\u0103zut la 2,61%, sub pragul de 3% necesar pentru acest program. \u00cencep\u00e2nd de anul viitor, rom\u00e2nii vor putea c\u0103l\u0103tori \u00een SUA f\u0103r\u0103 viz\u0103, un pas care spore\u0219te mobilitatea \u0219i oportunit\u0103\u021bile de schimburi culturale, educa\u021bionale \u0219i economice.<\/p>\n<p>\u0218tefan Mu\u0219oiu subliniaz\u0103 c\u0103 \u0219i acest succes este rezultatul unor eforturi diplomatice sus\u021binute, \u00een care guvernul condus de Marcel Ciolacu a jucat un rol central. \u201eAceasta este o veste extraordinar\u0103 pentru rom\u00e2ni \u0219i un exemplu concret al modului \u00een care o guvernare responsabil\u0103 poate deschide noi oportunit\u0103\u021bi pentru cet\u0103\u021beni. PSD a demonstrat c\u0103 are capacitatea de a livra rezultate tangibile \u00een beneficiul popula\u021biei\u201d, a ad\u0103ugat europarlamentarul.<\/p>\n<p>Aceast\u0103 decizie reflect\u0103 nu doar progresul diplomatic al Rom\u00e2niei, ci \u0219i \u00eembun\u0103t\u0103\u021birea percep\u021biei asupra \u021b\u0103rii la nivel interna\u021bional. Accesul mai facil \u00een SUA este o oportunitate care deschide noi perspective pentru rom\u00e2ni, at\u00e2t \u00een plan personal, c\u00e2t \u0219i profesional.<\/p>\n<p>Un alt element pozitiv pentru Rom\u00e2nia vine din partea Uniunii Europene, care a aprobat recent o majorare bugetar\u0103 semnificativ\u0103. Bugetul Uniunii pentru 2025 este cu 10,5 miliarde de euro mai mare fa\u021b\u0103 de cel din 2024, iar fondurile vor sprijini s\u0103n\u0103tatea, infrastructura, educa\u021bia \u0219i alte domenii cheie.<\/p>\n<p>\u00a0<\/p>\n<p>Rom\u00e2nia va beneficia direct de aceste resurse suplimentare, inclusiv prin finan\u021b\u0103ri sporite pentru programul Erasmus+, care sus\u021bine tinerii \u0219i cadrele didactice. De asemenea, fondurile suplimentare vor contribui la gestionarea crizelor \u0219i la sprijinirea comunit\u0103\u021bilor rom\u00e2ne\u0219ti din diaspora.<\/p>\n<p>Aceast\u0103 cre\u0219tere bugetar\u0103 a fost posibil\u0103 datorit\u0103 unor eforturi sus\u021binute din partea reprezentan\u021bilor rom\u00e2ni \u00een Parlamentul European, care au militat pentru ca aceste resurse s\u0103 r\u0103spund\u0103 nevoilor reale ale cet\u0103\u021benilor. Strategiile eficiente de negociere au permis ob\u021binerea unor aloc\u0103ri financiare care vor sprijini s\u0103n\u0103tatea, infrastructura \u0219i educa\u021bia \u00een Rom\u00e2nia.<\/p>\n<p>Oportunit\u0103\u021bi \u0219i provoc\u0103ri pentru viitor<\/p>\n<p>Aderarea la Schengen \u0219i includerea \u00een Programul Visa Waiver sunt repere importante care demonstreaz\u0103 poten\u021bialul Rom\u00e2niei de a avansa pe scena european\u0103 \u0219i interna\u021bional\u0103. Totu\u0219i, aceste realiz\u0103ri vin cu responsabilit\u0103\u021bi. Rom\u00e2nia trebuie s\u0103 continue s\u0103 \u00ee\u0219i consolideze sistemele de guvernare, s\u0103 reduc\u0103 decalajele economice \u0219i sociale \u0219i s\u0103 joace un rol activ \u00een solu\u021bionarea problemelor europene \u0219i globale.<\/p>\n<p>Romain Le Quiniou, politolog din Bruxelles a comentat c\u0103 eforturile Rom\u00e2niei au fost r\u0103splatite \u015fi vor exista beneficii economice \u015fi logistice mutuale \u00eentre Rom\u00e2nia \u015fi UE.<\/p>\n<p>\u00cen timp ce aceste decizii sunt prilej de s\u0103rb\u0103toare, ele eviden\u021biaz\u0103 \u0219i nevoia de colaborare politic\u0103 \u0219i strategic\u0103 pe termen lung, pentru a evita \u00eent\u00e2rzieri similare \u00een alte domenii. Rom\u00e2nia are acum ocazia s\u0103 demonstreze c\u0103 poate transforma aceste realiz\u0103ri \u00een beneficii tangibile pentru cet\u0103\u021benii s\u0103i \u0219i pentru partenerii s\u0103i interna\u021bionali. Totodat\u0103, este un exemplu despre cum o guvernare responsabil\u0103, sprijinit\u0103 de politici bine g\u00e2ndite \u0219i sus\u021binute la nivel european, poate aduce rezultate clare pentru to\u021bi rom\u00e2nii.<\/p>\n<p>\u00a0<\/p>","protected":false},"excerpt":{"rendered":"<p>Dup\u0103 aproape 17 ani de la aderarea la Uniunea European\u0103, Rom\u00e2nia se preg\u0103te\u0219te s\u0103 devin\u0103&hellip;<\/p>\n","protected":false},"author":0,"featured_media":15189,"comment_status":"open","ping_status":"open","sticky":false,"template":"","format":"standard","meta":{"footnotes":""},"categories":[2],"tags":[],"class_list":["post-15188","post","type-post","status-publish","format-standard","has-post-thumbnail","hentry","category-actual"],"_links":{"self":[{"href":"https:\/\/247stiri.ro\/index.php\/wp-json\/wp\/v2\/posts\/15188","targetHints":{"allow":["GET"]}}],"collection":[{"href":"https:\/\/247stiri.ro\/index.php\/wp-json\/wp\/v2\/posts"}],"about":[{"href":"https:\/\/247stiri.ro\/index.php\/wp-json\/wp\/v2\/types\/post"}],"replies":[{"embeddable":true,"href":"https:\/\/247stiri.ro\/index.php\/wp-json\/wp\/v2\/comments?post=15188"}],"version-history":[{"count":0,"href":"https:\/\/247stiri.ro\/index.php\/wp-json\/wp\/v2\/posts\/15188\/revisions"}],"wp:featuredmedia":[{"embeddable":true,"href":"https:\/\/247stiri.ro\/index.php\/wp-json\/wp\/v2\/media\/15189"}],"wp:attachment":[{"href":"https:\/\/247stiri.ro\/index.php\/wp-json\/wp\/v2\/media?parent=15188"}],"wp:term":[{"taxonomy":"category","embeddable":true,"href":"https:\/\/247stiri.ro\/index.php\/wp-json\/wp\/v2\/categories?post=15188"},{"taxonomy":"post_tag","embeddable":true,"href":"https:\/\/247stiri.ro\/index.php\/wp-json\/wp\/v2\/tags?post=15188"}],"curies":[{"name":"wp","href":"https:\/\/api.w.org\/{rel}","templated":true}]}}