{"id":15209,"date":"2024-12-09T14:44:46","date_gmt":"2024-12-09T14:44:46","guid":{"rendered":"https:\/\/247stiri.ro\/index.php\/2024\/12\/09\/o-batrana-a-gasit-un-barbat-care-dormea-intr-una-din-camere-casei-sale-acesta-era-abia-iesit-din-penitenciar\/"},"modified":"2024-12-09T14:44:46","modified_gmt":"2024-12-09T14:44:46","slug":"o-batrana-a-gasit-un-barbat-care-dormea-intr-una-din-camere-casei-sale-acesta-era-abia-iesit-din-penitenciar","status":"publish","type":"post","link":"https:\/\/247stiri.ro\/index.php\/2024\/12\/09\/o-batrana-a-gasit-un-barbat-care-dormea-intr-una-din-camere-casei-sale-acesta-era-abia-iesit-din-penitenciar\/","title":{"rendered":"O b\u0103tr\u00e2n\u0103 a g\u0103sit un b\u0103rbat care dormea \u00eentr-una din camere casei sale. Acesta era abia ie\u0219it din penitenciar"},"content":{"rendered":"<p>Poli\u0163i\u015ftii din Timi\u015foara au re\u0163inut un b\u0103rbat de 41 de ani care a fost g\u0103sit de o femeie de 75 de ani dormind \u00eentr-una dintre camerele locuin\u0163ei ei. Acesta ie\u015fise din penitenciar unde isp\u0103\u015fise o pedeaps\u0103 de trei ani pentru furt din locuin\u0163e. B\u0103rbatul, care era beat, a g\u0103sit fereastra deschis\u0103 \u015fi a intrat s\u0103 se odihneasc\u0103.<\/p>\n<p>\u201dLa data de 08.12.2024, ora 10:00, poli\u0163i\u015ftii Sec\u0163iei 4 Timi\u015foara au fost sesiza\u0163i prin apel direct de c\u0103tre o femeie \u00een v\u00e2rst\u0103 de 75 de ani cu privire la faptul c\u0103 a g\u0103sit un b\u0103rbat necunoscut dormind \u00eentr-una din camerele casei sale din Timi\u015foara. Poli\u0163i\u015ftii sosi\u0163i la fa\u0163a locului au stabilit c\u0103 este vorba de un b\u0103rbat de 41 de ani, aflat \u00een stare de ebrietate, care ar fi v\u0103zut un geam deschis \u015fi ar fi intrat \u00een cas\u0103 pentru a dormi\u201d, a transmis, luni, IPJ Timi\u015f.\u00a0B\u0103rbatul a fost liberat din penitenciar \u00een 5 decembrie, dup\u0103 ce \u00ee\u015fi isp\u0103\u015fise pedeapsa de 3 ani pentru furt din locuin\u0163e.\u00a0B\u0103rbatul a fost re\u0163inut pentru 24 de ore pentru violare de domiciliu \u015fi a fost dus \u00een Arestul IPJ Timi\u015f.<\/p>","protected":false},"excerpt":{"rendered":"<p>Poli\u0163i\u015ftii din Timi\u015foara au re\u0163inut un b\u0103rbat de 41 de ani care a fost g\u0103sit&hellip;<\/p>\n","protected":false},"author":0,"featured_media":15210,"comment_status":"open","ping_status":"open","sticky":false,"template":"","format":"standard","meta":{"footnotes":""},"categories":[2],"tags":[],"class_list":["post-15209","post","type-post","status-publish","format-standard","has-post-thumbnail","hentry","category-actual"],"_links":{"self":[{"href":"https:\/\/247stiri.ro\/index.php\/wp-json\/wp\/v2\/posts\/15209","targetHints":{"allow":["GET"]}}],"collection":[{"href":"https:\/\/247stiri.ro\/index.php\/wp-json\/wp\/v2\/posts"}],"about":[{"href":"https:\/\/247stiri.ro\/index.php\/wp-json\/wp\/v2\/types\/post"}],"replies":[{"embeddable":true,"href":"https:\/\/247stiri.ro\/index.php\/wp-json\/wp\/v2\/comments?post=15209"}],"version-history":[{"count":0,"href":"https:\/\/247stiri.ro\/index.php\/wp-json\/wp\/v2\/posts\/15209\/revisions"}],"wp:featuredmedia":[{"embeddable":true,"href":"https:\/\/247stiri.ro\/index.php\/wp-json\/wp\/v2\/media\/15210"}],"wp:attachment":[{"href":"https:\/\/247stiri.ro\/index.php\/wp-json\/wp\/v2\/media?parent=15209"}],"wp:term":[{"taxonomy":"category","embeddable":true,"href":"https:\/\/247stiri.ro\/index.php\/wp-json\/wp\/v2\/categories?post=15209"},{"taxonomy":"post_tag","embeddable":true,"href":"https:\/\/247stiri.ro\/index.php\/wp-json\/wp\/v2\/tags?post=15209"}],"curies":[{"name":"wp","href":"https:\/\/api.w.org\/{rel}","templated":true}]}}