{"id":15212,"date":"2024-12-09T14:44:47","date_gmt":"2024-12-09T14:44:47","guid":{"rendered":"https:\/\/247stiri.ro\/index.php\/2024\/12\/09\/unul-dintre-cei-mai-vechi-membri-ai-cna-se-retrage-din-activitate\/"},"modified":"2024-12-09T14:44:47","modified_gmt":"2024-12-09T14:44:47","slug":"unul-dintre-cei-mai-vechi-membri-ai-cna-se-retrage-din-activitate","status":"publish","type":"post","link":"https:\/\/247stiri.ro\/index.php\/2024\/12\/09\/unul-dintre-cei-mai-vechi-membri-ai-cna-se-retrage-din-activitate\/","title":{"rendered":"Unul dintre cei mai vechi membri ai CNA se retrage din activitate"},"content":{"rendered":"<p>Aceast\u0103 decizie nu este doar un simplu gest de \u00eencheiere a unei etape, ci aduce cu sine \u0219i o reflec\u021bie profund\u0103 asupra statutului libert\u0103\u021bii de exprimare \u0219i a valorilor fundamentale care ar trebui s\u0103 stea la baza unei societ\u0103\u021bi democratice.<\/p>\n<p>Activitatea lui Nicolaie B\u0103la\u0219a\u00a0a fost marcat\u0103 de angajamentul fa\u021b\u0103 de o pres\u0103 liber\u0103 \u0219i responsabil\u0103. Din 1995, a fost martor la transform\u0103rile din peisajul media rom\u00e2nesc \u0219i a contribuit activ la promovarea valorilor democratice, chiar \u0219i \u00een condi\u021bii dificile, iar ast\u0103zi, mesajul s\u0103u subliniaz\u0103 faptul c\u0103, \u00een ciuda progreselor, libertatea de expresie \u0219i informa\u021biile corecte au fost adesea compromise \u00een fa\u021ba intereselor personale sau politice.<\/p>\n<p>Mesajul lui Nicolaie B\u0103la\u0219a, un apel la reflec\u021bie<\/p>\n<p>Mesajul lui Nicolaie B\u0103la\u0219a este un apel la reflec\u021bie pentru to\u021bi cei care militeaz\u0103 pentru libertatea de exprimare \u0219i reprezint\u0103 un semnal de alarm\u0103 cu privire la direc\u021bia \u00een care ne \u00eendrept\u0103m ca societate.<\/p>\n<p>\u00cendemnul s\u0103u de a pre\u021bui realitatea liber exprimat\u0103 \u0219i de a reaminti tuturor de responsabilit\u0103\u021bile pe care le avem ca cet\u0103\u021beni \u0219i profesioni\u0219ti este mai actual ca niciodat\u0103, cu at\u00e2t mai mult \u00een perioada pe care o travers\u0103m.<\/p>\n<p>F\u0103r\u0103 o pres\u0103 liber\u0103 \u0219i independent\u0103, f\u0103r\u0103 oameni dispu\u0219i s\u0103 pun\u0103 adev\u0103rul mai presus de interesele proprii, riscul degrad\u0103rii dialogului public \u0219i al sl\u0103birii fundamentelor democratice devine iminent, misiunea jurnalismului nefiind doar aceea de a relata faptele, ci de a ap\u0103ra adev\u0103rul, indiferent de costuri, \u0219i de a men\u021bine vie flac\u0103ra unei societ\u0103\u021bi informate \u0219i libere.<\/p>\n<p>Retragerea sa nu este un sf\u00e2r\u0219it, ci un punct de plecare pentru o nou\u0103 discu\u021bie despre ce \u00eenseamn\u0103 cu adev\u0103rat s\u0103 protej\u0103m democra\u021bia \u00een societatea contemporan\u0103.<\/p>","protected":false},"excerpt":{"rendered":"<p>Aceast\u0103 decizie nu este doar un simplu gest de \u00eencheiere a unei etape, ci aduce&hellip;<\/p>\n","protected":false},"author":0,"featured_media":15213,"comment_status":"open","ping_status":"open","sticky":false,"template":"","format":"standard","meta":{"footnotes":""},"categories":[2],"tags":[],"class_list":["post-15212","post","type-post","status-publish","format-standard","has-post-thumbnail","hentry","category-actual"],"_links":{"self":[{"href":"https:\/\/247stiri.ro\/index.php\/wp-json\/wp\/v2\/posts\/15212","targetHints":{"allow":["GET"]}}],"collection":[{"href":"https:\/\/247stiri.ro\/index.php\/wp-json\/wp\/v2\/posts"}],"about":[{"href":"https:\/\/247stiri.ro\/index.php\/wp-json\/wp\/v2\/types\/post"}],"replies":[{"embeddable":true,"href":"https:\/\/247stiri.ro\/index.php\/wp-json\/wp\/v2\/comments?post=15212"}],"version-history":[{"count":0,"href":"https:\/\/247stiri.ro\/index.php\/wp-json\/wp\/v2\/posts\/15212\/revisions"}],"wp:featuredmedia":[{"embeddable":true,"href":"https:\/\/247stiri.ro\/index.php\/wp-json\/wp\/v2\/media\/15213"}],"wp:attachment":[{"href":"https:\/\/247stiri.ro\/index.php\/wp-json\/wp\/v2\/media?parent=15212"}],"wp:term":[{"taxonomy":"category","embeddable":true,"href":"https:\/\/247stiri.ro\/index.php\/wp-json\/wp\/v2\/categories?post=15212"},{"taxonomy":"post_tag","embeddable":true,"href":"https:\/\/247stiri.ro\/index.php\/wp-json\/wp\/v2\/tags?post=15212"}],"curies":[{"name":"wp","href":"https:\/\/api.w.org\/{rel}","templated":true}]}}