{"id":15214,"date":"2024-12-09T14:44:47","date_gmt":"2024-12-09T14:44:47","guid":{"rendered":"https:\/\/247stiri.ro\/index.php\/2024\/12\/09\/scrisoare-din-strainatate-pentru-sustinerea-lui-calin-georgescu-anularea-alegerilor-o-crima-la-adresa-democratiei\/"},"modified":"2024-12-09T14:44:47","modified_gmt":"2024-12-09T14:44:47","slug":"scrisoare-din-strainatate-pentru-sustinerea-lui-calin-georgescu-anularea-alegerilor-o-crima-la-adresa-democratiei","status":"publish","type":"post","link":"https:\/\/247stiri.ro\/index.php\/2024\/12\/09\/scrisoare-din-strainatate-pentru-sustinerea-lui-calin-georgescu-anularea-alegerilor-o-crima-la-adresa-democratiei\/","title":{"rendered":"Scrisoare din str\u0103in\u0103tate pentru sus\u021binerea lui C\u0103lin Georgescu. Anularea alegerilor, &#8222;o crim\u0103 la adresa democra\u021biei&#8221;"},"content":{"rendered":"<p>Kostadinov este ferm convins c\u0103 acest precedent periculos trebuie oprit, deoarece deschide u\u0219a c\u0103tre distrugerea principiilor democratice \u00een Europa prin \u00eenc\u0103lcarea voin\u021bei aleg\u0103torilor \u0219i aplicarea unor astfel de practici totalitare.<\/p>\n<p>Potrivit liderului &#8222;Rena\u015ftere&#8221;, \u00een \u0163ara vecin\u0103 se deschide poarta spre distrugerea principiilor democratice \u00een Europa, c\u0103lc\u00e2ndu-se \u00een picioare voin\u0163a aleg\u0103torilor. Kostadinov \u00eendeamn\u0103 sus\u0163in\u0103torii suveranit\u0103\u0163ii na\u0163ionale s\u0103 se uneasc\u0103 \u015fi s\u0103 ac\u0163ioneze \u00eempreun\u0103 \u00eempotriva &#8222;ac\u0163iunilor nedemocratice ale pretinsului statu-quo democratic&#8221;, potrivit BNR, titreaz\u0103 Rador Radio Rom\u00e2nia.<\/p>\n<p>Pre\u0219edintele partidului &#8222;Rena\u015ftere&#8221; mai scrie c\u0103, pentru a opri acest lucru, este bine ca sus\u021bin\u0103torii suveranit\u0103\u021bii na\u021bionale s\u0103 fie uni\u021bi \u0219i s\u0103 ac\u021bioneze \u00eempreun\u0103 \u00eempotriva ac\u021biunilor nedemocratice ale status quo-ului presupus democratic.<\/p>\n<p>Vineri, at\u00e2t deputa\u021bii europeni ale\u0219i din cota \u201eRena\u0219terii\u201d, c\u00e2t \u0219i membrii \u201eEuropei na\u021biunilor suverane\u201d au venit cu o pozi\u021bie \u00een ap\u0103rarea democra\u021biei \u0219i au ini\u021biat o dezbatere \u00een Parlamentul European cu aceast\u0103 ocazie.<\/p>","protected":false},"excerpt":{"rendered":"<p>Kostadinov este ferm convins c\u0103 acest precedent periculos trebuie oprit, deoarece deschide u\u0219a c\u0103tre distrugerea&hellip;<\/p>\n","protected":false},"author":0,"featured_media":15202,"comment_status":"open","ping_status":"open","sticky":false,"template":"","format":"standard","meta":{"footnotes":""},"categories":[2],"tags":[],"class_list":["post-15214","post","type-post","status-publish","format-standard","has-post-thumbnail","hentry","category-actual"],"_links":{"self":[{"href":"https:\/\/247stiri.ro\/index.php\/wp-json\/wp\/v2\/posts\/15214","targetHints":{"allow":["GET"]}}],"collection":[{"href":"https:\/\/247stiri.ro\/index.php\/wp-json\/wp\/v2\/posts"}],"about":[{"href":"https:\/\/247stiri.ro\/index.php\/wp-json\/wp\/v2\/types\/post"}],"replies":[{"embeddable":true,"href":"https:\/\/247stiri.ro\/index.php\/wp-json\/wp\/v2\/comments?post=15214"}],"version-history":[{"count":0,"href":"https:\/\/247stiri.ro\/index.php\/wp-json\/wp\/v2\/posts\/15214\/revisions"}],"wp:featuredmedia":[{"embeddable":true,"href":"https:\/\/247stiri.ro\/index.php\/wp-json\/wp\/v2\/media\/15202"}],"wp:attachment":[{"href":"https:\/\/247stiri.ro\/index.php\/wp-json\/wp\/v2\/media?parent=15214"}],"wp:term":[{"taxonomy":"category","embeddable":true,"href":"https:\/\/247stiri.ro\/index.php\/wp-json\/wp\/v2\/categories?post=15214"},{"taxonomy":"post_tag","embeddable":true,"href":"https:\/\/247stiri.ro\/index.php\/wp-json\/wp\/v2\/tags?post=15214"}],"curies":[{"name":"wp","href":"https:\/\/api.w.org\/{rel}","templated":true}]}}