{"id":15227,"date":"2024-12-09T15:44:46","date_gmt":"2024-12-09T15:44:46","guid":{"rendered":"https:\/\/247stiri.ro\/index.php\/2024\/12\/09\/avertisment-meteo-risc-foarte-mare-de-avalanse-in-muntii-fagaras-bucegi-si-ceahlau\/"},"modified":"2024-12-09T15:44:46","modified_gmt":"2024-12-09T15:44:46","slug":"avertisment-meteo-risc-foarte-mare-de-avalanse-in-muntii-fagaras-bucegi-si-ceahlau","status":"publish","type":"post","link":"https:\/\/247stiri.ro\/index.php\/2024\/12\/09\/avertisment-meteo-risc-foarte-mare-de-avalanse-in-muntii-fagaras-bucegi-si-ceahlau\/","title":{"rendered":"Avertisment meteo: Risc foarte mare de avalan\u0219e \u00een mun\u0163ii F\u0103g\u0103ra\u015f, Bucegi \u015fi Ceahl\u0103u"},"content":{"rendered":"<p>Stratul de z\u0103pad\u0103 a crescut \u00een toate masivele montane, mai accentuat \u00een Carpa\u0163ii Orientali \u015fi estul celor Meridionali, unde dep\u0103\u015fe\u015fte local 40&#8230;60 cm. \u00cen zonele ad\u0103postite se \u00eent\u00e2lnesc depozite mari de z\u0103pad\u0103, de p\u00e2n\u0103 la 1-2 metri. Stratul superior, de 20&#8230;40 cm, este fragil, iar sub acesta se \u00eent\u00e2lnesc cruste de ghea\u0163\u0103. \u00cen zonele \u00eenalte sunt formate pl\u0103ci de v\u00e2nt, pe versan\u0163i cu orient\u0103ri diferite, \u00eendeosebi nordice. Stratul de z\u0103pad\u0103 depus \u00een ultima perioad\u0103 ac\u0163ioneaz\u0103 ca o suprasarcin\u0103 peste crustele fragile preexistente, sporind astfel riscul declan\u015f\u0103rii avalan\u015felor \u00een mod spontan, care vor avea dimensiuni mici sau medii acolo unde sunt deja acumul\u0103ri mai consistente sau sunt formate pl\u0103ci de v\u00e2nt. Riscul declan\u015f\u0103rii avalan\u015felor va fi amplificat la trecerea turi\u015ftilor sau schiorilor &#8211; risc \u00eensemnat \u00een zona Mun\u0163ilor F\u0103g\u0103ra\u015f, Bucegi, Ceahl\u0103u, la peste 1800 m, \u00een rest moderat sau chiar redus&#8221;, se arat\u0103 \u00een buletinul nivometeorologic.<\/p>\n<p>Potrivit sursei citate, cel mai mare strat de z\u0103pad\u0103 m\u0103surat de meteorologi este \u00een Carpa\u0163ii Orientali, de 75 centimetri la Vf. L\u0103c\u0103u\u0163i, urmat de cel din Carpa\u0163ii Meridionali, de 60 centimetri la B\u00e2lea-Lac, \u00een Mun\u0163ii F\u0103g\u0103ra\u015f<\/p>","protected":false},"excerpt":{"rendered":"<p>Stratul de z\u0103pad\u0103 a crescut \u00een toate masivele montane, mai accentuat \u00een Carpa\u0163ii Orientali \u015fi&hellip;<\/p>\n","protected":false},"author":0,"featured_media":15228,"comment_status":"open","ping_status":"open","sticky":false,"template":"","format":"standard","meta":{"footnotes":""},"categories":[2],"tags":[],"class_list":["post-15227","post","type-post","status-publish","format-standard","has-post-thumbnail","hentry","category-actual"],"_links":{"self":[{"href":"https:\/\/247stiri.ro\/index.php\/wp-json\/wp\/v2\/posts\/15227","targetHints":{"allow":["GET"]}}],"collection":[{"href":"https:\/\/247stiri.ro\/index.php\/wp-json\/wp\/v2\/posts"}],"about":[{"href":"https:\/\/247stiri.ro\/index.php\/wp-json\/wp\/v2\/types\/post"}],"replies":[{"embeddable":true,"href":"https:\/\/247stiri.ro\/index.php\/wp-json\/wp\/v2\/comments?post=15227"}],"version-history":[{"count":0,"href":"https:\/\/247stiri.ro\/index.php\/wp-json\/wp\/v2\/posts\/15227\/revisions"}],"wp:featuredmedia":[{"embeddable":true,"href":"https:\/\/247stiri.ro\/index.php\/wp-json\/wp\/v2\/media\/15228"}],"wp:attachment":[{"href":"https:\/\/247stiri.ro\/index.php\/wp-json\/wp\/v2\/media?parent=15227"}],"wp:term":[{"taxonomy":"category","embeddable":true,"href":"https:\/\/247stiri.ro\/index.php\/wp-json\/wp\/v2\/categories?post=15227"},{"taxonomy":"post_tag","embeddable":true,"href":"https:\/\/247stiri.ro\/index.php\/wp-json\/wp\/v2\/tags?post=15227"}],"curies":[{"name":"wp","href":"https:\/\/api.w.org\/{rel}","templated":true}]}}