{"id":15230,"date":"2024-12-09T15:44:46","date_gmt":"2024-12-09T15:44:46","guid":{"rendered":"https:\/\/247stiri.ro\/index.php\/2024\/12\/09\/toni-grebla-in-vizorul-usr-de-ce-vor-sa-il-dea-jos-pe-seful-aep\/"},"modified":"2024-12-09T15:44:46","modified_gmt":"2024-12-09T15:44:46","slug":"toni-grebla-in-vizorul-usr-de-ce-vor-sa-il-dea-jos-pe-seful-aep","status":"publish","type":"post","link":"https:\/\/247stiri.ro\/index.php\/2024\/12\/09\/toni-grebla-in-vizorul-usr-de-ce-vor-sa-il-dea-jos-pe-seful-aep\/","title":{"rendered":"Toni Grebl\u0103, \u00een vizorul USR. De ce vor s\u0103 \u00eel dea jos pe \u0219eful AEP"},"content":{"rendered":"<p>\u201eEste inacceptabil ca acesta s\u0103 r\u0103m\u00e2n\u0103 la conducerea AEP \u0219i s\u0103 se mai ocupe de organizarea alegerilor \u00een Rom\u00e2nia, dat fiind modul catastrofal \u00een care \u0219i-a exercitat atribu\u021biile de la preluarea func\u021biei\u201d, sus\u021bine USR \u00eentr-un comunicat remis presei luni.<\/p>\n<p>\u201eCe \u00eencredere pot avea aleg\u0103torii \u00eentr-o institu\u021bie care ar trebui s\u0103 controleze fix finan\u021barea campaniei electorale, dar care nu se autosesizeaz\u0103 pentru cheltuieli 0? Dar \u00eentr-un om care, av\u00e2nd func\u021bia de pre\u0219edinte al AEP, are leg\u0103turi dubioase cu apropia\u021bi ai candidatului extremist ajuns \u00een turul II al preziden\u021bialelor, \u00een timp ce so\u021bia sa nu are nicio re\u021binere s\u0103 fac\u0103 f\u0103\u021bi\u0219 campanie acestuia? Autoritatea Electoral\u0103 Permanent\u0103 este institu\u021bia ce ar trebui s\u0103 asigure votul rom\u00e2nilor, s\u0103 le ofere certitudinea c\u0103 alegerile se desf\u0103\u0219oar\u0103 corect, c\u0103 orice vot este liber exprimat \u0219i ap\u0103rat. Or, ceea ce am v\u0103zut la alegerile din iunie \u0219i cele de acum arat\u0103 c\u0103 Toni Grebl\u0103 este un pericol la adresa democra\u021biei din Rom\u00e2nia. Sper ca PSD \u0219i PNL s\u0103 \u00een\u021beleag\u0103 pericolul \u0219i c\u0103 acesta trebuie demis de urgen\u021b\u0103\u201d, declar\u0103 Ionu\u021b Mo\u0219teanu, liderul deputa\u021bilor USR.<\/p>\n<p>USR a cerut revocarea lui Toni Grebl\u0103 \u0219i dup\u0103 alegerile din 9 iunie, alegeri caracterizate de forma\u021biune prin \u201ehaos \u0219i numeroase fraude\u201d. Solicitarea USR a fost atunci ignorat\u0103 \u0219i Toni Grebl\u0103 a r\u0103mas s\u0103 se ocupe \u0219i de alegerile parlamentare \u0219i preziden\u021biale. Rezultatul \u00eel \u0219tim cu to\u021bii, unul f\u0103r\u0103 precedent \u00een istoria recent\u0103 a Rom\u00e2niei, afirm\u0103 USR.<\/p>\n<p>\u201eToni Grebl\u0103 a reu\u0219it s\u0103 compromit\u0103 definitiv pilonul principal al unei societ\u0103\u021bi democratice, respectiv procesul de votare \u0219i de alegere a celor care conduc Rom\u00e2nia. A\u0219a ceva nu poate fi trecut cu vederea. Toni Grebl\u0103 a distrus \u00eencrederea rom\u00e2nilor \u00een dreptul c\u00e2\u0219tigat \u00een urm\u0103 cu 35 de ani, acela de a-\u0219i alege liber reprezentan\u021bii \u0219i conduc\u0103torii at\u00e2t la nivel local, c\u00e2t \u0219i la nivel central, alegerea pre\u0219edintelui \u021b\u0103rii\u201d, afirm\u0103 Narcis Mircescu, liderul senatorilor USR.<\/p>\n<p>AEP, prin Departamentul de control al finan\u0163\u0103rii partidelor politice \u015fi a campaniilor electorale (DCFPPCE), exercit\u0103 atribu\u0163iile privind controlul finan\u0163\u0103rii activit\u0103\u0163ii partidelor politice \u015fi a campaniilor electorale. Faptul c\u0103 AEP a primit declara\u021biile competitorului C\u0103lin Georgescu, potrivit c\u0103rora acesta ar fi avut 0 lei investi\u021bi \u00een campania electoral\u0103 pentru preziden\u021biale, indic\u0103 grave deficien\u021be ale Autorit\u0103\u021bii Electorale Permanente \u00een exercitarea atribu\u021biilor de control, \u00een condi\u021biile \u00een care este de notorietate c\u0103 o campanie electoral\u0103 presupune costuri \u0219i cheltuieli importante, sus\u021bine USR.<\/p>\n<p>Lipsa unor ac\u021biuni de control concrete din partea AEP este cu at\u00e2t mai flagrant\u0103 dac\u0103 o punem \u00een oglind\u0103 cu faptul c\u0103 Parchetul General s-a autosesizat cu privire la cheltuielile de campanie nedeclarate \u0219i alte infrac\u021biuni electorale asociate, mai arat\u0103 USR.<\/p>","protected":false},"excerpt":{"rendered":"<p>\u201eEste inacceptabil ca acesta s\u0103 r\u0103m\u00e2n\u0103 la conducerea AEP \u0219i s\u0103 se mai ocupe de&hellip;<\/p>\n","protected":false},"author":0,"featured_media":15226,"comment_status":"open","ping_status":"open","sticky":false,"template":"","format":"standard","meta":{"footnotes":""},"categories":[2],"tags":[],"class_list":["post-15230","post","type-post","status-publish","format-standard","has-post-thumbnail","hentry","category-actual"],"_links":{"self":[{"href":"https:\/\/247stiri.ro\/index.php\/wp-json\/wp\/v2\/posts\/15230","targetHints":{"allow":["GET"]}}],"collection":[{"href":"https:\/\/247stiri.ro\/index.php\/wp-json\/wp\/v2\/posts"}],"about":[{"href":"https:\/\/247stiri.ro\/index.php\/wp-json\/wp\/v2\/types\/post"}],"replies":[{"embeddable":true,"href":"https:\/\/247stiri.ro\/index.php\/wp-json\/wp\/v2\/comments?post=15230"}],"version-history":[{"count":0,"href":"https:\/\/247stiri.ro\/index.php\/wp-json\/wp\/v2\/posts\/15230\/revisions"}],"wp:featuredmedia":[{"embeddable":true,"href":"https:\/\/247stiri.ro\/index.php\/wp-json\/wp\/v2\/media\/15226"}],"wp:attachment":[{"href":"https:\/\/247stiri.ro\/index.php\/wp-json\/wp\/v2\/media?parent=15230"}],"wp:term":[{"taxonomy":"category","embeddable":true,"href":"https:\/\/247stiri.ro\/index.php\/wp-json\/wp\/v2\/categories?post=15230"},{"taxonomy":"post_tag","embeddable":true,"href":"https:\/\/247stiri.ro\/index.php\/wp-json\/wp\/v2\/tags?post=15230"}],"curies":[{"name":"wp","href":"https:\/\/api.w.org\/{rel}","templated":true}]}}