{"id":15235,"date":"2024-12-09T15:44:47","date_gmt":"2024-12-09T15:44:47","guid":{"rendered":"https:\/\/247stiri.ro\/index.php\/2024\/12\/09\/scene-socante-o-eleva-si-a-pus-o-colega-sa-mearga-in-genunchi-si-sa-se-comporte-ca-un-caine-video\/"},"modified":"2024-12-09T15:44:47","modified_gmt":"2024-12-09T15:44:47","slug":"scene-socante-o-eleva-si-a-pus-o-colega-sa-mearga-in-genunchi-si-sa-se-comporte-ca-un-caine-video","status":"publish","type":"post","link":"https:\/\/247stiri.ro\/index.php\/2024\/12\/09\/scene-socante-o-eleva-si-a-pus-o-colega-sa-mearga-in-genunchi-si-sa-se-comporte-ca-un-caine-video\/","title":{"rendered":"Scene \u0219ocante. O elev\u0103 \u0219i-a pus o coleg\u0103 s\u0103 mearg\u0103 \u00een genunchi \u015fi s\u0103 se comporte ca un c\u00e2ine VIDEO"},"content":{"rendered":"<p>Scene \u0219ocante \u00eentr-o \u0219coal\u0103 de elit\u0103 din Timi\u0219oara, dup\u0103 ce o fat\u0103 de 13 ani, elev\u0103 de clasa a VII-a, a fost lovit\u0103, tras\u0103 de p\u0103r \u0219i umilit\u0103 de alte colege.<\/p>\n<p>Incidentul s-ar fi petrecut miercurea trecut\u0103, la \u0218coala Ion Mincu, unde practic \u00ee\u0219i desf\u0103\u0219oar\u0103 activitatea Liceul Lenau.<\/p>\n<p>Mai exact, o fat\u0103 care fusese elev\u0103 a \u0219colii, dar care \u00een prezent este \u00een clasa a IX-a la Liceul Henri Coand\u0103, \u00eempreun\u0103 cu dou\u0103 eleve din clasa a VII-a \u0219i o elev\u0103 de clasa a VIII-a de la Lenau, au dus \u00eentr-o clas\u0103 nefolosit\u0103, o fat\u0103 de 13 ani, unde au lovit-o, au tras-o de p\u0103r \u0219i au umilit-o. Au pus-o s\u0103 mearg\u0103 \u00een genunchi \u0219i s\u0103 se comporte ca un animal. Scenele au fost filmate, dup\u0103 care au fost postate pe re\u021belele de socializare.<\/p>\n<p>Video-urile ajunse pe internet au fost v\u0103zute, dou\u0103 zile mai t\u00e2rziu, de conducerea \u0219colii, care a anun\u021bat Poli\u021bia.<\/p>","protected":false},"excerpt":{"rendered":"<p>Scene \u0219ocante \u00eentr-o \u0219coal\u0103 de elit\u0103 din Timi\u0219oara, dup\u0103 ce o fat\u0103 de 13 ani,&hellip;<\/p>\n","protected":false},"author":0,"featured_media":15236,"comment_status":"open","ping_status":"open","sticky":false,"template":"","format":"standard","meta":{"footnotes":""},"categories":[2],"tags":[],"class_list":["post-15235","post","type-post","status-publish","format-standard","has-post-thumbnail","hentry","category-actual"],"_links":{"self":[{"href":"https:\/\/247stiri.ro\/index.php\/wp-json\/wp\/v2\/posts\/15235","targetHints":{"allow":["GET"]}}],"collection":[{"href":"https:\/\/247stiri.ro\/index.php\/wp-json\/wp\/v2\/posts"}],"about":[{"href":"https:\/\/247stiri.ro\/index.php\/wp-json\/wp\/v2\/types\/post"}],"replies":[{"embeddable":true,"href":"https:\/\/247stiri.ro\/index.php\/wp-json\/wp\/v2\/comments?post=15235"}],"version-history":[{"count":0,"href":"https:\/\/247stiri.ro\/index.php\/wp-json\/wp\/v2\/posts\/15235\/revisions"}],"wp:featuredmedia":[{"embeddable":true,"href":"https:\/\/247stiri.ro\/index.php\/wp-json\/wp\/v2\/media\/15236"}],"wp:attachment":[{"href":"https:\/\/247stiri.ro\/index.php\/wp-json\/wp\/v2\/media?parent=15235"}],"wp:term":[{"taxonomy":"category","embeddable":true,"href":"https:\/\/247stiri.ro\/index.php\/wp-json\/wp\/v2\/categories?post=15235"},{"taxonomy":"post_tag","embeddable":true,"href":"https:\/\/247stiri.ro\/index.php\/wp-json\/wp\/v2\/tags?post=15235"}],"curies":[{"name":"wp","href":"https:\/\/api.w.org\/{rel}","templated":true}]}}