{"id":15241,"date":"2024-12-09T16:44:45","date_gmt":"2024-12-09T16:44:45","guid":{"rendered":"https:\/\/247stiri.ro\/index.php\/2024\/12\/09\/anca-alexandrescu-informatii-din-culise-psd-si-pnl-intelegere-pentru-un-candidat-comun-la-cotroceni-viitorul-guvern-condus-de-psd\/"},"modified":"2024-12-09T16:44:45","modified_gmt":"2024-12-09T16:44:45","slug":"anca-alexandrescu-informatii-din-culise-psd-si-pnl-intelegere-pentru-un-candidat-comun-la-cotroceni-viitorul-guvern-condus-de-psd","status":"publish","type":"post","link":"https:\/\/247stiri.ro\/index.php\/2024\/12\/09\/anca-alexandrescu-informatii-din-culise-psd-si-pnl-intelegere-pentru-un-candidat-comun-la-cotroceni-viitorul-guvern-condus-de-psd\/","title":{"rendered":"Anca Alexandrescu, informa\u021bii din culise: PSD \u0219i PNL, \u00een\u021belegere pentru un candidat comun la Cotroceni. Viitorul guvern, condus de PSD?"},"content":{"rendered":"<p>Potrivit surselor, cele dou\u0103 partide \u00ee\u0219i propun s\u0103 am\u00e2ne aceste alegeri p\u00e2n\u0103 \u00een prim\u0103vara sau vara anului viitor. Aceast\u0103 strategie are ca scop calmarea valului de nemul\u021bumire popular\u0103 \u0219i diminuarea influen\u021bei curentului suveranist care a c\u00e2\u0219tigat teren \u00een ultimii ani.<\/p>\n<p>\u201eEste decis la PSD, PNL \u0219i UDMR s\u0103 fac\u0103 majoritate f\u0103r\u0103 USR. S-a discutat despre alegerile preziden\u021biale \u0219i vor dori s\u0103 \u00eemping\u0103 alegerile preziden\u021biale \u00een luna mai-iunie s\u0103 mai treac\u0103 valul suveranist, s\u0103 se lini\u0219teasc\u0103 lumea\u201d, a spus Anca Alexandrescu &#8211; realizator Culisele Statului Paralel.<\/p>\n<p>\u201eChiar dac\u0103 va merge Marcel Ciolacu cu un mandat de negocire cu toate partidele proeuropene, este decis ca PSD \u0219i PNL \u0219i UDMR s\u0103 fac\u0103 majoritate f\u0103r\u0103 USR. Au 10 mandate \u00een plus la Camera Deputa\u021bilor, la Senat este o majoritate mai fragil\u0103. Nu s-a discutat \u00eenc\u0103 dec\u00e2t despre faptul ca PSD s\u0103 cear\u0103 premierul f\u0103r\u0103 s\u0103 se discute numele persoanei care ar urma s\u0103 fie premier.<\/p>\n<p>Mai mult de at\u00e2t, s-a discutat \u0219i despre alegerile preziden\u021biale \u0219i v\u0103 spun \u00een premier\u0103 c\u0103 vor dori s\u0103 \u00eemping\u0103 alegerile preziden\u021biale \u00een luna mai-iunie, ca s\u0103 mai treac\u0103 valul suveranist, s\u0103 se mai lini\u0219teasc\u0103 lumea. Mai mult de at\u00e2t, c\u00e2nd s-a discutat despre un candidat pentru alegerile preziden\u021biale, a fost o discu\u021bie la aceast\u0103 \u0219edin\u021b\u0103 \u00een care s-a ridicat varianta unui candidat comun PSD-PNL-UDMR, o personalitate din afara partidelor politice, un intelectual, un personaj care nu este conectat politic.<\/p>\n<p>Este o varianta care s-a mai discutat \u0219i \u00een trecut, dar nu a fost acceptat\u0103 de membrii de partid. Foarte interesant c\u0103 au ap\u0103rut \u0219i c\u00e2teva jocuri \u00een interiorul partidului, nu sunt de dimensiuni mari aceste jocuri, dar la Galati, Dan Nica \u00eempreun\u0103 cu Ionu\u021b Pucheanu, la o \u0219edin\u021b\u0103 pe care a avut-o cu 95 de primari, au propus s\u0103-l dea jos pe Marcel Ciolacu \u0219i s\u0103-l pun\u0103 pe Ionu\u021b Pucheanu \u0219ef la PSD, lucru pe care ast\u0103zi Dan Nica nu l-a mai sus\u021binut la \u0219edin\u021b\u0103, dar a fost apostofat de colegii pentru c\u0103 au \u0219tiut ce s-a discutat la \u0219edin\u021ba de la Gala\u021bi. Mai exist\u0103 \u0219i zvonuri c\u0103 Vasile D\u00eencu \u00eempreun\u0103 cu parlamentarul de D\u00e2mbovi\u021ba, Radu Popa \u0219i cu Victor Ponta ar face jocuri \u00een acest sens pentru a-l da jos pe Marcel Ciolacu \u0219i dac\u0103 nu le iese, Victor Ponta s\u0103 mearg\u0103 s\u0103 candideze independent la preziden\u021biale.<\/p>\n<p>R\u0103m\u00e2ne s\u0103 vedem ce se \u00eent\u00e2mpl\u0103 \u00een perioada urm\u0103toare. Ce pot s\u0103 v\u0103 spun este c\u0103 \u00een momentul de fa\u021b\u0103 scaunul lui Marcel Ciolacu nu este subrezit, jocurile sunt de mic\u0103 amploare, dar este foarte important ce va reu\u0219i s\u0103 negocieze Marcel Ciolacu pentru viitorul guvern. \u00cen func\u021bie de asta, probabil vom vedea \u0219i alte evolu\u021bii \u00een interiorul PSD-ului.<\/p>\n<p>Nu \u0219tiu dac\u0103 \u00ee\u0219i mai dore\u0219te Marcel Ciolacu s\u0103 fie prim-ministru \u00een acest moment. Am ni\u0219te informa\u021bii c\u0103 nu mai dore\u0219te s\u0103 fie neap\u0103rat prim-ministru. Deci o s\u0103 vedem \u00een perioada urm\u0103toare \u00een func\u021bie de ce se va negocia \u0219i la ce concluzie vor ajunge \u00eempreun\u0103 cu PNL \u0219i cu UDMR, dar nu mai sunt at\u00e2t de sigur\u0103 c\u0103 Marcel Ciolacu \u00ee\u0219i dore\u0219te s\u0103 fie prim-ministru.<\/p>\n<p>Am auzit ni\u0219te nume care ar fi vehiculate, dar n-a\u0219 vrea \u00eenc\u0103 s\u0103 le fac publice pentru c\u0103 este doar la nivel de inten\u021bie, nu s-a discutat nici m\u0103car \u00een \u0219edin\u021bele PSD-ului. Un candidat comun care de data aceasta a fost o idee \u00eenaintat\u0103 chiar de Marcel Ciolacu. El a mai propus \u00een trecut acest lucru \u00eenainte s\u0103 decid\u0103 candidatura sa, adic\u0103 cineva pe modelul cum ar fi pre\u0219edintele Academiei Rom\u00e2ne, cum a mai fost vehiculat de foarte multe ori, numele lui Ion Aurel Pop, nu s-a discutat despre el, dar s-a discutat de un candidat comun de acest nivel, din afara partidelor tocmai pentru a \u00eencerca s\u0103 potoleasc\u0103 acest val suveranit\u201d, a explicat Anca Alexandrescu.<\/p>","protected":false},"excerpt":{"rendered":"<p>Potrivit surselor, cele dou\u0103 partide \u00ee\u0219i propun s\u0103 am\u00e2ne aceste alegeri p\u00e2n\u0103 \u00een prim\u0103vara sau&hellip;<\/p>\n","protected":false},"author":0,"featured_media":15242,"comment_status":"open","ping_status":"open","sticky":false,"template":"","format":"standard","meta":{"footnotes":""},"categories":[2],"tags":[],"class_list":["post-15241","post","type-post","status-publish","format-standard","has-post-thumbnail","hentry","category-actual"],"_links":{"self":[{"href":"https:\/\/247stiri.ro\/index.php\/wp-json\/wp\/v2\/posts\/15241","targetHints":{"allow":["GET"]}}],"collection":[{"href":"https:\/\/247stiri.ro\/index.php\/wp-json\/wp\/v2\/posts"}],"about":[{"href":"https:\/\/247stiri.ro\/index.php\/wp-json\/wp\/v2\/types\/post"}],"replies":[{"embeddable":true,"href":"https:\/\/247stiri.ro\/index.php\/wp-json\/wp\/v2\/comments?post=15241"}],"version-history":[{"count":0,"href":"https:\/\/247stiri.ro\/index.php\/wp-json\/wp\/v2\/posts\/15241\/revisions"}],"wp:featuredmedia":[{"embeddable":true,"href":"https:\/\/247stiri.ro\/index.php\/wp-json\/wp\/v2\/media\/15242"}],"wp:attachment":[{"href":"https:\/\/247stiri.ro\/index.php\/wp-json\/wp\/v2\/media?parent=15241"}],"wp:term":[{"taxonomy":"category","embeddable":true,"href":"https:\/\/247stiri.ro\/index.php\/wp-json\/wp\/v2\/categories?post=15241"},{"taxonomy":"post_tag","embeddable":true,"href":"https:\/\/247stiri.ro\/index.php\/wp-json\/wp\/v2\/tags?post=15241"}],"curies":[{"name":"wp","href":"https:\/\/api.w.org\/{rel}","templated":true}]}}