{"id":15259,"date":"2024-12-09T18:44:46","date_gmt":"2024-12-09T18:44:46","guid":{"rendered":"https:\/\/247stiri.ro\/index.php\/2024\/12\/09\/o-masina-a-cazut-de-la-etajul-al-doilea-al-parcarii-unui-mall-din-bucuresti-soferul-a-fost-transportat-la-spital-foto\/"},"modified":"2024-12-09T18:44:46","modified_gmt":"2024-12-09T18:44:46","slug":"o-masina-a-cazut-de-la-etajul-al-doilea-al-parcarii-unui-mall-din-bucuresti-soferul-a-fost-transportat-la-spital-foto","status":"publish","type":"post","link":"https:\/\/247stiri.ro\/index.php\/2024\/12\/09\/o-masina-a-cazut-de-la-etajul-al-doilea-al-parcarii-unui-mall-din-bucuresti-soferul-a-fost-transportat-la-spital-foto\/","title":{"rendered":"O ma\u0219in\u0103 a c\u0103zut de la etajul al doilea al p\u0103rc\u0103rii unui mall din Bucure\u015fti. \u0218oferul a fost transportat la spital &#8211; FOTO"},"content":{"rendered":"<p>&#8222;\u00cen jurul orei 18,40, Brigada Rutier\u0103 a fost sesizat\u0103 prin apel la 112 cu privire la producerea unui accident de circula\u0163ie \u00een parcarea unui centru comercial din Sectorul 2. Din primele informa\u0163ii, conduc\u0103torul unui autovehicul, \u00een v\u00e2rst\u0103 de 20 de ani, care se deplasa \u00een parcarea din Mega Mall, din cauze ce urmeaz\u0103 a fi stabilite \u00een urma cercet\u0103rilor, ar fi rupt parapetul de protec\u0163ie de la etajul 2, dup\u0103 care a c\u0103zut pe str. Hambarului&#8221;, se arat\u0103 \u00eentr-un comunicat de pres\u0103.<\/p>\n<p>Conform sursei citate, \u00een urma accidentului rutier a rezultat r\u0103nirea conduc\u0103torului auto, care a fost transportat la spital pentru acordarea de \u00eengrijiri medicale.<\/p>\n<p>Poli\u0163i\u015ftii rutieri au procedat la testarea persoanei \u00een cauz\u0103 cu aparatul alcooltest, valoarea indicat\u0103 fiind &#8222;zero&#8221;.<\/p>\n<p>\u00cen urma verific\u0103rilor efectuate, poli\u0163i\u015ftii au constatat faptul c\u0103 acesta nu posed\u0103 permis de conducere pentru nicio categorie de vehicule.<\/p>\n<p>Se efectueaz\u0103 cercet\u0103ri de c\u0103tre poli\u0163i\u015ftii din cadrul Brig\u0103zii Rutiere, \u00een vederea stabilirii cu exactitate a cauzelor \u015fi \u00eemprejur\u0103rilor producerii accidentului rutier.\u00a0<\/p>","protected":false},"excerpt":{"rendered":"<p>&#8222;\u00cen jurul orei 18,40, Brigada Rutier\u0103 a fost sesizat\u0103 prin apel la 112 cu privire&hellip;<\/p>\n","protected":false},"author":0,"featured_media":15260,"comment_status":"open","ping_status":"open","sticky":false,"template":"","format":"standard","meta":{"footnotes":""},"categories":[2],"tags":[],"class_list":["post-15259","post","type-post","status-publish","format-standard","has-post-thumbnail","hentry","category-actual"],"_links":{"self":[{"href":"https:\/\/247stiri.ro\/index.php\/wp-json\/wp\/v2\/posts\/15259","targetHints":{"allow":["GET"]}}],"collection":[{"href":"https:\/\/247stiri.ro\/index.php\/wp-json\/wp\/v2\/posts"}],"about":[{"href":"https:\/\/247stiri.ro\/index.php\/wp-json\/wp\/v2\/types\/post"}],"replies":[{"embeddable":true,"href":"https:\/\/247stiri.ro\/index.php\/wp-json\/wp\/v2\/comments?post=15259"}],"version-history":[{"count":0,"href":"https:\/\/247stiri.ro\/index.php\/wp-json\/wp\/v2\/posts\/15259\/revisions"}],"wp:featuredmedia":[{"embeddable":true,"href":"https:\/\/247stiri.ro\/index.php\/wp-json\/wp\/v2\/media\/15260"}],"wp:attachment":[{"href":"https:\/\/247stiri.ro\/index.php\/wp-json\/wp\/v2\/media?parent=15259"}],"wp:term":[{"taxonomy":"category","embeddable":true,"href":"https:\/\/247stiri.ro\/index.php\/wp-json\/wp\/v2\/categories?post=15259"},{"taxonomy":"post_tag","embeddable":true,"href":"https:\/\/247stiri.ro\/index.php\/wp-json\/wp\/v2\/tags?post=15259"}],"curies":[{"name":"wp","href":"https:\/\/api.w.org\/{rel}","templated":true}]}}