{"id":15261,"date":"2024-12-09T18:44:46","date_gmt":"2024-12-09T18:44:46","guid":{"rendered":"https:\/\/247stiri.ro\/index.php\/2024\/12\/09\/statistica-ingrijoratoare-2024-a-fost-cel-mai-cald-an-din-istoria-omenirii\/"},"modified":"2024-12-09T18:44:46","modified_gmt":"2024-12-09T18:44:46","slug":"statistica-ingrijoratoare-2024-a-fost-cel-mai-cald-an-din-istoria-omenirii","status":"publish","type":"post","link":"https:\/\/247stiri.ro\/index.php\/2024\/12\/09\/statistica-ingrijoratoare-2024-a-fost-cel-mai-cald-an-din-istoria-omenirii\/","title":{"rendered":"Statistic\u0103 \u00eengrijor\u0103toare: 2024 a fost cel mai cald an din istoria omenirii"},"content":{"rendered":"<p>Datele furnizate de serviciul Copernicus al UE pentru schimb\u0103rile climatice (C3S) vin la dou\u0103 s\u0103pt\u0103m\u00e2ni dup\u0103 ce negocierile ONU privind schimb\u0103rile climatice au condus la un acord de 300 de miliarde de dolari pentru combaterea\u00a0schimb\u0103rilor climatice, un pachet criticat de \u0163\u0103rile mai s\u0103race ca fiind insuficient pentru a acoperi costurile \u00een cre\u015ftere ale dezastrelor legate de clim\u0103.<\/p>\n<p>C3S a anun\u0163at c\u0103 datele din ianuarie p\u00e2n\u0103 \u00een noiembrie confirm\u0103 c\u0103 2024 va fi cel mai cald an \u00eenregistrat vreodat\u0103 \u015fi primul \u00een care temperaturile medii globale vor dep\u0103\u015fi cu 1,5 grade Celsius nivelul perioadei preindustriale (1850-1900).<\/p>\n<p>Precedentul cel mai cald an \u00eenregistrat vreodat\u0103 a fost 2023.<\/p>\n<p>Vremea extrem\u0103 a cuprins \u00eentreaga lume \u00een 2024, cu secet\u0103 sever\u0103 care a lovit Italia \u015fi America de Sud, inunda\u0163ii fatale \u00een Nepal, Sudan \u015fi Europa, valuri de c\u0103ldur\u0103 \u00een Mexic, Mali \u015fi Arabia Saudit\u0103, care au ucis mii de oameni, \u015fi cicloane dezastruoase \u00een SUA \u015fi Filipine.<\/p>\n<p>Studiile \u015ftiin\u0163ifice au confirmat amprentele schimb\u0103rilor climatice provocate de om asupra tuturor acestor dezastre.<\/p>\n<p>Luna trecut\u0103 a fost a doua cea mai cald\u0103 lun\u0103 noiembrie \u00eenregistrat\u0103 vreodat\u0103, dup\u0103 noiembrie 2023.<\/p>\n<p>\u201eNe afl\u0103m \u00eenc\u0103 \u00eentr-un teritoriu aproape record pentru temperaturile globale \u015fi este probabil ca acest lucru s\u0103 r\u0103m\u00e2n\u0103 cel pu\u0163in pentru urm\u0103toarele c\u00e2teva luni\u201d, a declarat pentru Reuters Julien Nicolas, cercet\u0103tor \u00een domeniul climei la Copernicus.<\/p>\n<p>Emisiile de dioxid de carbon rezultate din arderea combustibililor fosili sunt principala cauz\u0103 a schimb\u0103rilor climatice.<\/p>\n<p>Reducerea emisiilor la zero net &#8211; a\u015fa cum multe guverne s-au angajat s\u0103 fac\u0103 \u00een cele din urm\u0103 &#8211; va opri agravarea \u00eenc\u0103lzirii globale. Cu toate acestea, \u00een ciuda acestor promisiuni ecologice, emisiile globale de CO2 vor atinge un nivel record \u00een acest an.<\/p>\n<p>Oamenii de \u015ftiin\u0163\u0103 monitorizeaz\u0103, de asemenea, dac\u0103 modelul meteorologic La Nina &#8211; care implic\u0103 r\u0103cirea temperaturilor de la suprafa\u0163a oceanelor &#8211; s-ar putea forma \u00een 2025. Acesta ar putea r\u0103ci pentru scurt timp temperaturile globale, de\u015fi nu ar opri tendin\u0163a de baz\u0103 pe termen lung a \u00eenc\u0103lzirii cauzate de emisii.<\/p>\n<p>Lumea se afl\u0103 \u00een prezent \u00een condi\u0163ii neutre, dup\u0103 ce El Nino &#8211; omologul mai cald al La Nina &#8211; s-a \u00eencheiat la \u00eenceputul acestui an.<\/p>\n<p>\u201eDe\u015fi 2025 ar putea fi u\u015for mai rece dec\u00e2t 2024, dac\u0103 se produce un eveniment La Nina, acest lucru nu \u00eenseamn\u0103 c\u0103 temperaturile vor fi \u201esigure\u201d sau \u201enormale\u201d\u201d, a declarat Friederike Otto, lector superior la Imperial College London. \u201eNe vom confrunta \u00een continuare cu temperaturi ridicate, rezult\u00e2nd valuri de c\u0103ldur\u0103 periculoase, secete, incendii de vegeta\u0163ie \u015fi cicloane tropicale\u201d, avertizeaz\u0103 profesorul.<\/p>\n<p>\u00cenregistr\u0103rile C3S dateaz\u0103 din 1940 \u015fi sunt comparate cu \u00eenregistr\u0103rile temperaturilor globale care dateaz\u0103 din 1850.<\/p>","protected":false},"excerpt":{"rendered":"<p>Datele furnizate de serviciul Copernicus al UE pentru schimb\u0103rile climatice (C3S) vin la dou\u0103 s\u0103pt\u0103m\u00e2ni&hellip;<\/p>\n","protected":false},"author":0,"featured_media":15262,"comment_status":"open","ping_status":"open","sticky":false,"template":"","format":"standard","meta":{"footnotes":""},"categories":[2],"tags":[],"class_list":["post-15261","post","type-post","status-publish","format-standard","has-post-thumbnail","hentry","category-actual"],"_links":{"self":[{"href":"https:\/\/247stiri.ro\/index.php\/wp-json\/wp\/v2\/posts\/15261","targetHints":{"allow":["GET"]}}],"collection":[{"href":"https:\/\/247stiri.ro\/index.php\/wp-json\/wp\/v2\/posts"}],"about":[{"href":"https:\/\/247stiri.ro\/index.php\/wp-json\/wp\/v2\/types\/post"}],"replies":[{"embeddable":true,"href":"https:\/\/247stiri.ro\/index.php\/wp-json\/wp\/v2\/comments?post=15261"}],"version-history":[{"count":0,"href":"https:\/\/247stiri.ro\/index.php\/wp-json\/wp\/v2\/posts\/15261\/revisions"}],"wp:featuredmedia":[{"embeddable":true,"href":"https:\/\/247stiri.ro\/index.php\/wp-json\/wp\/v2\/media\/15262"}],"wp:attachment":[{"href":"https:\/\/247stiri.ro\/index.php\/wp-json\/wp\/v2\/media?parent=15261"}],"wp:term":[{"taxonomy":"category","embeddable":true,"href":"https:\/\/247stiri.ro\/index.php\/wp-json\/wp\/v2\/categories?post=15261"},{"taxonomy":"post_tag","embeddable":true,"href":"https:\/\/247stiri.ro\/index.php\/wp-json\/wp\/v2\/tags?post=15261"}],"curies":[{"name":"wp","href":"https:\/\/api.w.org\/{rel}","templated":true}]}}