{"id":15263,"date":"2024-12-09T18:44:47","date_gmt":"2024-12-09T18:44:47","guid":{"rendered":"https:\/\/247stiri.ro\/index.php\/2024\/12\/09\/lider-udmr-sunt-multe-incertitudini-data-alegerilor-trebuie-sa-fie-stabilita-cat-mai-repede\/"},"modified":"2024-12-09T18:44:47","modified_gmt":"2024-12-09T18:44:47","slug":"lider-udmr-sunt-multe-incertitudini-data-alegerilor-trebuie-sa-fie-stabilita-cat-mai-repede","status":"publish","type":"post","link":"https:\/\/247stiri.ro\/index.php\/2024\/12\/09\/lider-udmr-sunt-multe-incertitudini-data-alegerilor-trebuie-sa-fie-stabilita-cat-mai-repede\/","title":{"rendered":"Lider UDMR: \u201eSunt multe incertitudini. Data alegerilor trebuie s\u0103 fie stabilit\u0103 c\u00e2t mai repede\u201d"},"content":{"rendered":"<p>\u201dEste important ca aceast\u0103 dat\u0103 a alegerilor preziden\u0163iale s\u0103 se stabileasc\u0103 c\u00e2t mai rapid posibil, pentru c\u0103 prelungirea acestei incertitudini legate de institu\u0163ia pre\u015fedintelui Rom\u00e2niei nu cred c\u0103 convine p\u0103r\u0163ii pro-europene. Am v\u0103zut ast\u0103zi, pe surse, c\u0103 s-ar putea s\u0103 fie mai t\u00e2rziu, noi nu credem c\u0103 e binevenit\u0103 o astfel de chestiune, pentru c\u0103 lucrurile trebuie \u00eenchise\u201d, a ar\u0103tat senatorul UDMR.\u00a0<\/p>\n<p>El a precizat c\u0103 a v\u0103zut la alegeri c\u0103 cei doi candida\u0163i ai partidelor de guvernare nu au intrat \u00een turul doi de scrutin \u015fi va trebui o discu\u0163ie \u00eentre viitorii parteneri, dac\u0103 se va face o alian\u0163\u0103 de guvernare.<\/p>\n<p>\u201dNoi nu putem s\u0103 credem c\u0103 votan\u0163ii domnului Georgescu, de m\u00e2ine, pentru c\u0103 el nu mai este candidat, se mut\u0103 la alte partide, ei sunt acolo, pe partea aceea iar noi to\u0163i cei care spunem c\u0103 avem o coali\u0163ie pro-european\u0103 trebuie s\u0103 ne ocup\u0103m \u00eempreun\u0103 s\u0103 d\u0103m mesaje comune pe pre\u015fedin\u0163ie. Pe pre\u015fedin\u0163ie, va trebui mers pe aceea\u015fi direc\u0163ie. (..) Lucrurile trebuie date cu un mesaj de stabilitate \u015fi c\u00e2t mai rapid posibil\u201d, a completat Cseke Attila.\u00a0<\/p>","protected":false},"excerpt":{"rendered":"<p>\u201dEste important ca aceast\u0103 dat\u0103 a alegerilor preziden\u0163iale s\u0103 se stabileasc\u0103 c\u00e2t mai rapid posibil,&hellip;<\/p>\n","protected":false},"author":0,"featured_media":15256,"comment_status":"open","ping_status":"open","sticky":false,"template":"","format":"standard","meta":{"footnotes":""},"categories":[2],"tags":[],"class_list":["post-15263","post","type-post","status-publish","format-standard","has-post-thumbnail","hentry","category-actual"],"_links":{"self":[{"href":"https:\/\/247stiri.ro\/index.php\/wp-json\/wp\/v2\/posts\/15263","targetHints":{"allow":["GET"]}}],"collection":[{"href":"https:\/\/247stiri.ro\/index.php\/wp-json\/wp\/v2\/posts"}],"about":[{"href":"https:\/\/247stiri.ro\/index.php\/wp-json\/wp\/v2\/types\/post"}],"replies":[{"embeddable":true,"href":"https:\/\/247stiri.ro\/index.php\/wp-json\/wp\/v2\/comments?post=15263"}],"version-history":[{"count":0,"href":"https:\/\/247stiri.ro\/index.php\/wp-json\/wp\/v2\/posts\/15263\/revisions"}],"wp:featuredmedia":[{"embeddable":true,"href":"https:\/\/247stiri.ro\/index.php\/wp-json\/wp\/v2\/media\/15256"}],"wp:attachment":[{"href":"https:\/\/247stiri.ro\/index.php\/wp-json\/wp\/v2\/media?parent=15263"}],"wp:term":[{"taxonomy":"category","embeddable":true,"href":"https:\/\/247stiri.ro\/index.php\/wp-json\/wp\/v2\/categories?post=15263"},{"taxonomy":"post_tag","embeddable":true,"href":"https:\/\/247stiri.ro\/index.php\/wp-json\/wp\/v2\/tags?post=15263"}],"curies":[{"name":"wp","href":"https:\/\/api.w.org\/{rel}","templated":true}]}}