{"id":15269,"date":"2024-12-09T19:44:45","date_gmt":"2024-12-09T19:44:45","guid":{"rendered":"https:\/\/247stiri.ro\/index.php\/2024\/12\/09\/spitalul-clinic-colentina-suspenda-temporar-internarile-in-mai-multe-sectii-medicale-se-asteapta-emiterea-unei-autorizatii-de-functionare\/"},"modified":"2024-12-09T19:44:45","modified_gmt":"2024-12-09T19:44:45","slug":"spitalul-clinic-colentina-suspenda-temporar-internarile-in-mai-multe-sectii-medicale-se-asteapta-emiterea-unei-autorizatii-de-functionare","status":"publish","type":"post","link":"https:\/\/247stiri.ro\/index.php\/2024\/12\/09\/spitalul-clinic-colentina-suspenda-temporar-internarile-in-mai-multe-sectii-medicale-se-asteapta-emiterea-unei-autorizatii-de-functionare\/","title":{"rendered":"Spitalul Clinic Colentina SUSPEND\u0102 temporar intern\u0103rile \u00een mai multe sec\u021bii medicale! Se a\u015fteapt\u0103 emiterea unei autoriza\u0163ii de func\u0163ionare"},"content":{"rendered":"<p>Decizia a fost luat\u0103 din cauza necesit\u0103\u021bii eliber\u0103rii unei noi autoriza\u021bii de func\u021bionare de c\u0103tre Direc\u021bia de S\u0103n\u0103tate Public\u0103 a Municipiului Bucure\u0219ti.<\/p>\n<p>\u201eSpitalul Clinic Colentina anun\u021b\u0103 faptul c\u0103, \u00eencep\u00e2nd de mar\u021bi, 10 decembrie 2024, temporar nu se vor mai face intern\u0103ri \u00een cadrul urm\u0103toarele structuri medicale:- Sec\u021bia Neurochirurgie;- Sec\u021bia Hematologie I;- Sec\u021bia Clinic\u0103 Ortopedie I;\u00a0&#8211; Sec\u021bia Clinic\u0103 Ortopedie II;- Compartiment ORL;- Compartiment chirurgie plastic\u0103 \u0219i microchirurgie reconstructiv\u0103.<\/p>\n<p>Decizia s-a impus ca urmare a faptului c\u0103 Spitalul Clinic Colentina a\u0219teapt\u0103 \u00een prezent eliberarea unei noi autoriza\u021bii de func\u021bionare din partea Direc\u021biei de S\u0103n\u0103tate Public\u0103 a Municipiului Bucure\u0219ti (DSP-MB), care s\u0103 includ\u0103 \u0219i sec\u021biile \u0219i compartimentele sus-men\u021bionate.<\/p>\n<p>Conducerea spitalului este \u00een contact permanent cu reprezentan\u021bii DSP-MB, \u0219i exist\u0103 toate premisele pentru ob\u021binerea autoriza\u021biei sanitare de func\u021bionare la finalul acestei s\u0103pt\u0103m\u00e2ni \u0219i reluarea activit\u0103\u021bii normale, inclusiv a intern\u0103rilor, la \u00eenceputul s\u0103pt\u0103m\u00e2nii viitoare.<\/p>\n<p>Preciz\u0103m faptul c\u0103 pacien\u021bii interna\u021bi \u00een prezent vor fi trata\u021bi de personalul medical cu grij\u0103 \u0219i profesionalism, ca \u0219i p\u00e2n\u0103 acum, urm\u00e2nd a fi externa\u021bi treptat, pe m\u0103sur\u0103 ce afec\u021biunile medicale pentru care sunt trata\u021bi se vor vindeca sau ameliora.<\/p>\n<p>Pacien\u021bii programa\u021bi \u0219i care temporar nu vor putea beneficia de internare vor fi reprograma\u021bi \u00een cel mai scurt timp, dup\u0103 ob\u021binerea Autoriza\u021biei Sanitare de Func\u021bionare.<\/p>\n<p>Ne cerem scuze pentru orice dificult\u0103\u021bi create pacien\u021bilor \u0219i \u00eei asigur\u0103m c\u0103 depunem toate eforturile pentru ca aceast\u0103 perioad\u0103 s\u0103 fie c\u00e2t mai scurt\u0103, prioritatea noastr\u0103 fiind \u00eentotdeauna s\u0103n\u0103tatea \u0219i siguran\u021ba celor pe care \u00eei trat\u0103m\u201d, au transmis reprezentan\u021bii spitalului.<\/p>\n<p>\u00a0<\/p>","protected":false},"excerpt":{"rendered":"<p>Decizia a fost luat\u0103 din cauza necesit\u0103\u021bii eliber\u0103rii unei noi autoriza\u021bii de func\u021bionare de c\u0103tre&hellip;<\/p>\n","protected":false},"author":0,"featured_media":15270,"comment_status":"open","ping_status":"open","sticky":false,"template":"","format":"standard","meta":{"footnotes":""},"categories":[2],"tags":[],"class_list":["post-15269","post","type-post","status-publish","format-standard","has-post-thumbnail","hentry","category-actual"],"_links":{"self":[{"href":"https:\/\/247stiri.ro\/index.php\/wp-json\/wp\/v2\/posts\/15269","targetHints":{"allow":["GET"]}}],"collection":[{"href":"https:\/\/247stiri.ro\/index.php\/wp-json\/wp\/v2\/posts"}],"about":[{"href":"https:\/\/247stiri.ro\/index.php\/wp-json\/wp\/v2\/types\/post"}],"replies":[{"embeddable":true,"href":"https:\/\/247stiri.ro\/index.php\/wp-json\/wp\/v2\/comments?post=15269"}],"version-history":[{"count":0,"href":"https:\/\/247stiri.ro\/index.php\/wp-json\/wp\/v2\/posts\/15269\/revisions"}],"wp:featuredmedia":[{"embeddable":true,"href":"https:\/\/247stiri.ro\/index.php\/wp-json\/wp\/v2\/media\/15270"}],"wp:attachment":[{"href":"https:\/\/247stiri.ro\/index.php\/wp-json\/wp\/v2\/media?parent=15269"}],"wp:term":[{"taxonomy":"category","embeddable":true,"href":"https:\/\/247stiri.ro\/index.php\/wp-json\/wp\/v2\/categories?post=15269"},{"taxonomy":"post_tag","embeddable":true,"href":"https:\/\/247stiri.ro\/index.php\/wp-json\/wp\/v2\/tags?post=15269"}],"curies":[{"name":"wp","href":"https:\/\/api.w.org\/{rel}","templated":true}]}}