{"id":15271,"date":"2024-12-09T19:44:45","date_gmt":"2024-12-09T19:44:45","guid":{"rendered":"https:\/\/247stiri.ro\/index.php\/2024\/12\/09\/de-frica-unui-atac-al-rusiei-oficialii-ue-vor-buget-de-100-de-miliarde-de-euro-pentru-aparare\/"},"modified":"2024-12-09T19:44:45","modified_gmt":"2024-12-09T19:44:45","slug":"de-frica-unui-atac-al-rusiei-oficialii-ue-vor-buget-de-100-de-miliarde-de-euro-pentru-aparare","status":"publish","type":"post","link":"https:\/\/247stiri.ro\/index.php\/2024\/12\/09\/de-frica-unui-atac-al-rusiei-oficialii-ue-vor-buget-de-100-de-miliarde-de-euro-pentru-aparare\/","title":{"rendered":"De frica unui atac al Rusiei, oficialii UE vor buget de 100 de miliarde de euro pentru ap\u0103rare"},"content":{"rendered":"<p>Andrius Kubilius, primul comisar european pentru ap\u0103rare \u0219i spa\u021biu, propune o schimbare major\u0103 \u00een strategia de ap\u0103rare a Uniunii Europene. \u00centr-un interviu recent, acesta a declarat c\u0103 urm\u0103torul buget pe \u0219apte ani al UE ar trebui s\u0103 aloce aproape 100 de miliarde de euro pentru ap\u0103rare, o sum\u0103 considerabil mai mare fa\u021b\u0103 de cele 10 miliarde de euro destinate \u00een prezent sectorului ap\u0103r\u0103rii, dintr-un buget general de peste 1 trilion de euro.<\/p>\n<p>Aceast\u0103 propunere reflect\u0103 schimb\u0103rile majore care au avut loc \u00een cadrul Uniunii Europene ca urmare a invaziei Rusiei \u00een Ucraina, care a adus la suprafa\u021b\u0103 necesitatea unor reforme financiare semnificative. Kubilius, fost prim-ministru al Lituaniei \u0219i un sus\u021bin\u0103tor ferm al unei pozi\u021bii ferme fa\u021b\u0103 de Rusia, subliniaz\u0103 c\u0103 una dintre priorit\u0103\u021bile sale este sprijinirea Ucrainei pentru a \u00eenfrunta agresiunea rus\u0103, un pas esen\u021bial \u00een prevenirea unei posibile expansiuni a agresiunii ruse\u0219ti \u00een Europa.<\/p>\n<p>\u201eTrebuie s\u0103 fim preg\u0103ti\u021bi pentru orice form\u0103 de agresiune ruseasc\u0103. Dac\u0103 Ucraina cade, pericolul unei agresiuni militare din partea Rusiei \u00eempotriva statelor membre ale UE va cre\u0219te considerabil\u201d, avertizeaz\u0103 comisarul european. De asemenea, el a subliniat pericolele reprezentate de atacurile hibride ale Rusiei \u0219i a f\u0103cut apel la o preg\u0103tire mai bun\u0103 pentru ap\u0103rarea nu doar \u00een fa\u021ba unui r\u0103zboi conven\u021bional, dar \u0219i \u00een ceea ce prive\u0219te \u201emin\u021bile oamenilor\u201d.<\/p>\n<p>\u00cen acest context, Kubilius \u00ee\u0219i exprim\u0103 optimismul fa\u021b\u0103 de faptul c\u0103 administra\u021bia american\u0103 va \u00een\u021belege din ce \u00een ce mai mult c\u0103 Vestul se confrunt\u0103 cu o \u201eaxa a \u021b\u0103rilor autoritare\u201d, care include Rusia, Iran, Coreea de Nord \u0219i, \u00eentr-o anumit\u0103 m\u0103sur\u0103, China.<\/p>\n<p>Marea provocare: Banii pentru ap\u0103rare<\/p>\n<p>\u00a0<\/p>\n<p>Pentru a transforma aceste planuri ambi\u021bioase \u00een realitate, va fi nevoie de o sum\u0103 considerabil\u0103 de bani. Pre\u0219edintele Comisiei Europene, Ursula von der Leyen, a men\u021bionat deja c\u0103 ar trebui s\u0103 se aloce 500 de miliarde de euro suplimentar \u00een urm\u0103torul deceniu pentru a \u00eent\u0103ri ap\u0103rarea Uniunii. Totu\u0219i, g\u0103sirea acestor fonduri va fi o provocare major\u0103. Kubilius propune ca banii necesari s\u0103 provin\u0103 din majorarea bugetului UE, din emiterea de datorii comune sau din relaxarea unor reguli financiare pentru a facilita investi\u021biile \u00een industria de armament european\u0103.<\/p>\n<p>Comisarul european sus\u021bine c\u0103 este nevoie de flexibilitate \u00een regulile fiscale ale UE, mai ales c\u00e2nd vine vorba de cheltuielile pentru ap\u0103rare. Multe state, inclusiv Grecia, Polonia \u0219i Italia, au cerut ca cheltuielile pentru ap\u0103rare s\u0103 nu fie incluse \u00een calculul deficitului bugetar. \u00cen acest sens, Kubilius consider\u0103 c\u0103 UE ar trebui s\u0103 examineze cu seriozitate aceast\u0103 op\u021biune.<\/p>\n<p>Coordonarea industriei de ap\u0103rare a UE<\/p>\n<p>Un alt obiectiv important al mandatului lui Kubilius este integrarea mai eficient\u0103 a industriei de ap\u0103rare a Uniunii, care este \u00eenc\u0103 fragmentat\u0103. Ini\u021biativa recent\u0103 a UE, Programul European pentru Industria Ap\u0103r\u0103rii, \u00een valoare de 1,5 miliarde de euro, este un pas \u00een aceast\u0103 direc\u021bie, dar r\u0103m\u00e2n diferen\u021be \u00eentre statele membre privind accesul companiilor non-UE la fonduri. \u00cen timp ce Fran\u021ba sus\u021bine o clauz\u0103 strict\u0103 de tip \u201eCump\u0103r\u0103 European\u201d, alte state, precum Polonia, Olanda \u0219i Germania, sunt mai deschise la condi\u021bii mai flexibile.<\/p>\n<p>Kubilius este de p\u0103rere c\u0103 Europa trebuie s\u0103 \u00ee\u0219i dezvolte propriile capacit\u0103\u021bi de produc\u021bie de armament, f\u0103r\u0103 a c\u0103dea \u00een capcana protec\u021bionismului. Totu\u0219i, el recunoa\u0219te c\u0103 anumite sisteme de armament, cum ar fi capacit\u0103\u021bile de lovituri precise la distan\u021b\u0103, nu sunt produse \u00een Uniunea European\u0103 \u0219i, prin urmare, trebuie s\u0103 se apeleze la parteneri externi, precum Statele Unite.<\/p>\n<p>Mai mult\u0103 colaborare cu NATO<\/p>\n<p>O alt\u0103 prioritate pentru Kubilius este consolidarea rela\u021biei dintre Uniunea European\u0103 \u0219i NATO. De\u0219i ambele organiza\u021bii au sediul la Bruxelles, tradi\u021bional au avut o abordare separat\u0103 \u2014 NATO fiind responsabil\u0103 de chestiunile militare, iar UE concentr\u00e2ndu-se pe comer\u021b \u0219i reglement\u0103ri. Kubilius dore\u0219te o colaborare mai str\u00e2ns\u0103 \u0219i sugereaz\u0103 ca Uniunea European\u0103 s\u0103 se bazeze pe raportul viitor al NATO privind lacunele de capabilit\u0103\u021bi, care va cere brig\u0103zi suplimentare, tancuri \u0219i piese de artilerie. Acesta ar putea deveni un ghid important pentru stabilirea priorit\u0103\u021bilor de cheltuieli industriale ale UE.<\/p>\n<p>\u00centr-un context global tot mai tensionat, Kubilius subliniaz\u0103 necesitatea unui r\u0103spuns unit al democra\u021biilor fa\u021b\u0103 de autoritarismele care se consolideaz\u0103. \u201eAutoritarii se unesc \u00eentre ei, iar noi trebuie s\u0103 facem acela\u0219i lucru\u201d, a conchis comisarul european.<\/p>","protected":false},"excerpt":{"rendered":"<p>Andrius Kubilius, primul comisar european pentru ap\u0103rare \u0219i spa\u021biu, propune o schimbare major\u0103 \u00een strategia&hellip;<\/p>\n","protected":false},"author":0,"featured_media":15267,"comment_status":"open","ping_status":"open","sticky":false,"template":"","format":"standard","meta":{"footnotes":""},"categories":[2],"tags":[],"class_list":["post-15271","post","type-post","status-publish","format-standard","has-post-thumbnail","hentry","category-actual"],"_links":{"self":[{"href":"https:\/\/247stiri.ro\/index.php\/wp-json\/wp\/v2\/posts\/15271","targetHints":{"allow":["GET"]}}],"collection":[{"href":"https:\/\/247stiri.ro\/index.php\/wp-json\/wp\/v2\/posts"}],"about":[{"href":"https:\/\/247stiri.ro\/index.php\/wp-json\/wp\/v2\/types\/post"}],"replies":[{"embeddable":true,"href":"https:\/\/247stiri.ro\/index.php\/wp-json\/wp\/v2\/comments?post=15271"}],"version-history":[{"count":0,"href":"https:\/\/247stiri.ro\/index.php\/wp-json\/wp\/v2\/posts\/15271\/revisions"}],"wp:featuredmedia":[{"embeddable":true,"href":"https:\/\/247stiri.ro\/index.php\/wp-json\/wp\/v2\/media\/15267"}],"wp:attachment":[{"href":"https:\/\/247stiri.ro\/index.php\/wp-json\/wp\/v2\/media?parent=15271"}],"wp:term":[{"taxonomy":"category","embeddable":true,"href":"https:\/\/247stiri.ro\/index.php\/wp-json\/wp\/v2\/categories?post=15271"},{"taxonomy":"post_tag","embeddable":true,"href":"https:\/\/247stiri.ro\/index.php\/wp-json\/wp\/v2\/tags?post=15271"}],"curies":[{"name":"wp","href":"https:\/\/api.w.org\/{rel}","templated":true}]}}