{"id":15276,"date":"2024-12-09T20:47:02","date_gmt":"2024-12-09T20:47:02","guid":{"rendered":"https:\/\/247stiri.ro\/index.php\/2024\/12\/09\/calin-georgescu-face-lumina-s-a-intalnit-sau-nu-cu-horatiu-potra-pozele-sunt-vechi-nu-imi-mai-aduceam-aminte-de-el-ma-vad-cu-o-mie-de-oameni-saptamanal-este-o-campanie-de-denigrare-la-ad\/"},"modified":"2024-12-09T20:47:02","modified_gmt":"2024-12-09T20:47:02","slug":"calin-georgescu-face-lumina-s-a-intalnit-sau-nu-cu-horatiu-potra-pozele-sunt-vechi-nu-imi-mai-aduceam-aminte-de-el-ma-vad-cu-o-mie-de-oameni-saptamanal-este-o-campanie-de-denigrare-la-ad","status":"publish","type":"post","link":"https:\/\/247stiri.ro\/index.php\/2024\/12\/09\/calin-georgescu-face-lumina-s-a-intalnit-sau-nu-cu-horatiu-potra-pozele-sunt-vechi-nu-imi-mai-aduceam-aminte-de-el-ma-vad-cu-o-mie-de-oameni-saptamanal-este-o-campanie-de-denigrare-la-ad\/","title":{"rendered":"C\u0103lin Georgescu face lumin\u0103. S-a \u00eent\u00e2lnit sau nu cu Hora\u021biu Potra: \u201ePozele sunt vechi. Nu \u00eemi mai aduceam aminte de el. M\u0103 v\u0103d cu o mie de oameni s\u0103pt\u0103m\u00e2nal. Este o campanie de denigrare la adresa mea\u201d"},"content":{"rendered":"<p>\u201eCa persoan\u0103 public\u0103 m-am v\u0103zut cu sute de mii de oameni pe luna. Cert este c\u0103, eu ca persoan\u0103 public\u0103 m am v\u0103zut cu persoane, cert este c\u0103 aveam nevoie de g\u0103rzi de corp, iar ei sunt din legiune. Nu e in cercul meu de apropia\u021bi. \u00cencerc sa mi amintesc, aceste poze sunt de c\u00e2\u021biva ani de zile. Nu pot s\u0103 nu m\u0103 v\u0103d cu oameni, asta e activitatea mea. Cred c\u0103 acum 3 ani m-am \u00eent\u00e2lnit cu el. Eu nu \u00eemi aduc aminte s\u0103 m\u0103 fi v\u0103zut cu el, am fost \u00een multe locuri. Acolo la ferma respectiv\u0103 am filmat \u0219i m am antrenat la c\u0103l\u0103rie. Destul de des m\u0103 duc acolo, am fost \u0219i recent, dar asta nu \u00eenseamn\u0103 c\u0103 m-am \u00eent\u00e2lnit acolo. Am \u00eencredere doar \u00een oamenii mei din Legiunea Str\u0103in\u0103, dar domnul Potra nu face din grupul meu de prieteni apropia\u021bi. Orice mi se smulge din context, \u00een momentul de fa\u021b\u0103. Cred c\u0103 pozele sunt f\u0103cute \u00een Marriott, dar acolo am fost de zeci de ori\u201d, a declarat C\u0103lin Georgescu.<\/p>\n<p>\u201eEugen Sechila nu m\u0103 p\u0103ze\u0219te\u201d<\/p>\n<p>\u201eEugen Sechila nu m\u0103 p\u0103ze\u0219te. La acel moment, e posibil ca el s\u0103-mi fi f\u0103cut leg\u0103tura cu Potra. Este o campanie de denigrare a mea. E un atac furibund. Ce treab\u0103 am eu cu PSD. Sunt lucrurile deliberat f\u0103cute ca s\u0103 m\u0103 atace pe mine.\u201d<\/p>\n<p>\u201eDin Legiunea Str\u0103in\u0103 i-am angaja\u021bi pe ace\u0219ti oameni. Nu am apelat la SPP pentru c\u0103 erau din banii publici, iar eu am \u00eencredere strict \u00een oamenii mei. SPP este o institu\u021bie corupt\u0103 \u00een care nu am \u00eencredere. Eugen Sechila i-a prezentat\u201d, a declarat Georgescu.\u00a0<\/p>\n<p>De atunci lucrurile erau destul de avansate pentru ceea ce voiam s\u0103 fac. Legat de SPP, nu acceptat pentru c\u0103 este aservit\u0103 pre\u0219edintelui Iohannis, al\u0103turi de CCR. Nu \u0219tiu cine mi-a f\u0103cut pozele\u201d.\u00a0<\/p>\n<p>\u201eOamenii care sunt l\u00e2ng\u0103 mine sunt voluntari. Nu pl\u0103tesc pe nimeni, nici pe cei care sunt acum. Garda mea de corp principala, e l\u00e2ng\u0103 mine zi \u0219i noapte, al\u0103turi de alte 2 persoane.\u201d<\/p>\n<p>\u201eE un atac concentrat asupra mea, pentru simplul fapt c\u0103 sistemul a fost schimbat. Se vede c\u0103 domnul Potra e la PSD. Eu i-am atacat mereu\u201d<\/p>\n<p>\u201eC\u00e2nd am pu\u021bin timp liber, m\u0103 duc la acea herghelie la Ciolpani ca s\u0103 c\u0103l\u0103resc\u201d<\/p>\n<p>\u201eSistemul este \u00een degringolad\u0103, sunt manevre constante de decredibilizare a mea. Nu s-a discutat dec\u00e2t foarte rar, cum s-a \u00eent\u00e2mplat la Realitatea, despre cerin\u021bele rom\u00e2nilor \u201d<\/p>\n<p>\u201e\u0218edin\u021ba CSAT trebuie s\u0103 fie desecretizat\u0103 de urgen\u021b\u0103. Am depus pl\u00e2ngere penal\u0103, a\u0219tept\u0103m o rezolvare. Nu mai exist\u0103 alt candidat care atacuri asemenea concentrate.\u201d<\/p>\n<p>\u201eA\u0219tept s\u0103 dea presa din Rom\u00e2nia \u0219i pozele cu valizele diplomatice ale fiului lui Soros \u00een Rom\u00e2nia.\u201d<\/p>\n<p>\u201eNu \u00eemi este fric\u0103 de nimeni, pentru c\u0103 am poporul rom\u00e2n \u00een spate\u201d<\/p>\n<p>\u201eEugen Sechila este \u0219i el o victim\u0103 a sistemului pentru c\u0103 m\u0103 sus\u021bine\u201d<\/p>\n<p>\u201eA\u0219tept\u0103m instalarea lui Trump. Ce f\u0103cea Iohannis acum 4 ani pentru poporul rom\u00e2n? Ne \u021binea \u00eenchi\u0219i \u00een cas\u0103. Mi-e c\u0103 vin \u0219i m\u0103 aresteaz\u0103. Ce fac, vor arestat tot poporul rom\u00e2n?. Voi merge permanent cu campania. Sistemul a mizat pe inducerea fricii. Chemarea nu a fost doar c\u0103tre popor, ci \u0219i c\u0103tre oamenii politici. E nevoie s\u0103 ia \u0219i atitudine. N\u0103d\u0103jduiesc ca partidele suveraniste s\u0103 fac\u0103 aceste ac\u021biuni, s\u0103 protesteze\u201d<\/p>\n<p>\u201eExist\u0103 sprijin \u0219i din partea altor partide. \u00centrebarea este c\u00e2\u021bi bani a b\u0103gat Soro\u0219 \u00een pres\u0103\u201d<\/p>\n<p>\u201eMai ales dup\u0103 aceste eveniment, voi face mai mult dec\u00e2t s\u0103 ies la declara\u021bii\u201d<\/p>\n<p>\u201eToat\u0103 lumea \u0219tie dezbaterile din parlament. De unde at\u00e2\u021bia bani?\u201d<\/p>\n<p>\u201eDac\u0103 va fi nevoie din nou, voi lua semn\u0103turi de la rom\u00e2ni\u201d<\/p>\n<p>\u00a0<\/p>","protected":false},"excerpt":{"rendered":"<p>\u201eCa persoan\u0103 public\u0103 m-am v\u0103zut cu sute de mii de oameni pe luna. Cert este&hellip;<\/p>\n","protected":false},"author":0,"featured_media":15273,"comment_status":"open","ping_status":"open","sticky":false,"template":"","format":"standard","meta":{"footnotes":""},"categories":[2],"tags":[],"class_list":["post-15276","post","type-post","status-publish","format-standard","has-post-thumbnail","hentry","category-actual"],"_links":{"self":[{"href":"https:\/\/247stiri.ro\/index.php\/wp-json\/wp\/v2\/posts\/15276","targetHints":{"allow":["GET"]}}],"collection":[{"href":"https:\/\/247stiri.ro\/index.php\/wp-json\/wp\/v2\/posts"}],"about":[{"href":"https:\/\/247stiri.ro\/index.php\/wp-json\/wp\/v2\/types\/post"}],"replies":[{"embeddable":true,"href":"https:\/\/247stiri.ro\/index.php\/wp-json\/wp\/v2\/comments?post=15276"}],"version-history":[{"count":0,"href":"https:\/\/247stiri.ro\/index.php\/wp-json\/wp\/v2\/posts\/15276\/revisions"}],"wp:featuredmedia":[{"embeddable":true,"href":"https:\/\/247stiri.ro\/index.php\/wp-json\/wp\/v2\/media\/15273"}],"wp:attachment":[{"href":"https:\/\/247stiri.ro\/index.php\/wp-json\/wp\/v2\/media?parent=15276"}],"wp:term":[{"taxonomy":"category","embeddable":true,"href":"https:\/\/247stiri.ro\/index.php\/wp-json\/wp\/v2\/categories?post=15276"},{"taxonomy":"post_tag","embeddable":true,"href":"https:\/\/247stiri.ro\/index.php\/wp-json\/wp\/v2\/tags?post=15276"}],"curies":[{"name":"wp","href":"https:\/\/api.w.org\/{rel}","templated":true}]}}