{"id":15279,"date":"2024-12-09T20:47:02","date_gmt":"2024-12-09T20:47:02","guid":{"rendered":"https:\/\/247stiri.ro\/index.php\/2024\/12\/09\/procurorii-cer-arestarea-preventiva-a-mercenarului-horatiu-potra\/"},"modified":"2024-12-09T20:47:02","modified_gmt":"2024-12-09T20:47:02","slug":"procurorii-cer-arestarea-preventiva-a-mercenarului-horatiu-potra","status":"publish","type":"post","link":"https:\/\/247stiri.ro\/index.php\/2024\/12\/09\/procurorii-cer-arestarea-preventiva-a-mercenarului-horatiu-potra\/","title":{"rendered":"Procurorii cer arestarea preventiv\u0103 a mercenarului Hora\u021biu Potra"},"content":{"rendered":"<p>Parchetul de pe l\u00e2ng\u0103 Curtea de Apel Ploie\u015fti va sesiza, mar\u0163i diminea\u0163\u0103, Judec\u0103toria Ploie\u015fti, propun\u00e2nd emiterea unui mandat de arestare preventiv\u0103 pe numele lui Hora\u0163iu Potra, fost mercenar, \u00een ma\u015fina c\u0103ruia s-a g\u0103sit un pistol \u015fi numeroase arme albe, dar \u015fi sume importate de bani.<\/p>\n<p><a href=\"https:\/\/www.realitatea.net\/stiri\/actual\/noi-perchezitii-in-dosarul-mercenarilor-lui-horatiu-potra-de-data-aceasta-sunt-vizate-locuintele-din-sibiu-ale-acestora_67571e4c63ea5f2db452d3e3\" target=\"_blank\">Noi perchezi\u021bii \u00een Dosarul mercenarilor lui Hora\u021biu Potra. De data aceasta sunt vizate locuin\u021bele din Sibiu ale acestora<\/a><\/p>\n<p>Surse judiciare au declarat pentru Nees.ro c\u0103 Potra va r\u0103mne \u00een custodia autorit\u0103\u0163ilor, p\u00e2n\u0103 c\u00e2nd instan\u0163a de judecat\u0103 se va pronun\u0163a cu privire la propunerea de arestare preventiv\u0103.<\/p>\n<p>Procurorii vor formula, de asemenea, propunere de arestare preventiv\u0103 pe numele lui Andrei Florin Lup, \u00een v\u00e2rst\u0103 de 22 de ani, aflat la volanul Mercedesului cu care Potra se \u00eendrepta spre Bucure\u015fti \u00een noaptea de s\u00e2mb\u0103t\u0103 spre duminic\u0103 \u015fi \u00een care au fost g\u0103site armele.<\/p>\n<p>Dosarul \u00een care cei doi sunt cerceta\u0163i vizeaz\u0103 infrac\u0163iuni de nerespectarea regimului armelor \u015fi muni\u0163iilor, orice opera\u0163iuni cu articole pirotehnice \u015fi instigare public\u0103.<\/p>\n<p><a href=\"https:\/\/www.realitatea.net\/stiri\/actual\/mercenarul-pontra-intalnire-secreta-a-ciolpani-cum-se-pregateau-proteste-violente-in-bucureti_6756caa84b5ee31105300292\" target=\"_blank\">Mercenarul Potra, \u00eent\u00e2lnire secret\u0103 cu mai multe personaje controversate. Cum se preg\u0103teau proteste violente \u00een Bucure\u0219ti &#8211; SURSE\/VIDEO<\/a><\/p>\n<p>Ancheta a fost deschis\u0103 dup\u0103 ce Hora\u0163iu Potra, fost lupt\u0103tor \u00een Legiunea Str\u0103in\u0103, consilier local \u00een Consiliul Local Media\u015f, \u015fi un t\u00e2n\u0103r de 22 de ani, au fost opri\u0163i, \u00een jude\u0163ul Prahova, \u00een noaptea de s\u00e2mb\u0103t\u0103 spre duminic\u0103, iar asupra lor au fost g\u0103site arme albe (macete, s\u0103bii, pumnale), arme de foc, precum \u015fi importante sume de bani (aproximativ 18.000 USD \u015fi 25.000 lei), laptopuri, medii de stocare \u015fi o dron\u0103 profesional\u0103.<\/p>\n<p>Anchetatorii spun c\u0103, \u00een ceea ce prive\u015fte aceste obiecte, \u201dse presupune c\u0103 urmau a fi folosite pentru instigarea unor persoane \u00een comiterea de infrac\u0163iuni \u00een cadrul unor \u00eentruniri publice neautorizate \u015fi recompensarea acestora\u201d.\u00a0<\/p>","protected":false},"excerpt":{"rendered":"<p>Parchetul de pe l\u00e2ng\u0103 Curtea de Apel Ploie\u015fti va sesiza, mar\u0163i diminea\u0163\u0103, Judec\u0103toria Ploie\u015fti, propun\u00e2nd&hellip;<\/p>\n","protected":false},"author":0,"featured_media":15280,"comment_status":"open","ping_status":"open","sticky":false,"template":"","format":"standard","meta":{"footnotes":""},"categories":[2],"tags":[],"class_list":["post-15279","post","type-post","status-publish","format-standard","has-post-thumbnail","hentry","category-actual"],"_links":{"self":[{"href":"https:\/\/247stiri.ro\/index.php\/wp-json\/wp\/v2\/posts\/15279","targetHints":{"allow":["GET"]}}],"collection":[{"href":"https:\/\/247stiri.ro\/index.php\/wp-json\/wp\/v2\/posts"}],"about":[{"href":"https:\/\/247stiri.ro\/index.php\/wp-json\/wp\/v2\/types\/post"}],"replies":[{"embeddable":true,"href":"https:\/\/247stiri.ro\/index.php\/wp-json\/wp\/v2\/comments?post=15279"}],"version-history":[{"count":0,"href":"https:\/\/247stiri.ro\/index.php\/wp-json\/wp\/v2\/posts\/15279\/revisions"}],"wp:featuredmedia":[{"embeddable":true,"href":"https:\/\/247stiri.ro\/index.php\/wp-json\/wp\/v2\/media\/15280"}],"wp:attachment":[{"href":"https:\/\/247stiri.ro\/index.php\/wp-json\/wp\/v2\/media?parent=15279"}],"wp:term":[{"taxonomy":"category","embeddable":true,"href":"https:\/\/247stiri.ro\/index.php\/wp-json\/wp\/v2\/categories?post=15279"},{"taxonomy":"post_tag","embeddable":true,"href":"https:\/\/247stiri.ro\/index.php\/wp-json\/wp\/v2\/tags?post=15279"}],"curies":[{"name":"wp","href":"https:\/\/api.w.org\/{rel}","templated":true}]}}