{"id":15283,"date":"2024-12-09T21:45:44","date_gmt":"2024-12-09T21:45:44","guid":{"rendered":"https:\/\/247stiri.ro\/index.php\/2024\/12\/09\/ordonanta-de-retinere-a-mercenarului-horatiu-potra-a-expirat-decizia-judecatorilor-intarzie\/"},"modified":"2024-12-09T21:45:44","modified_gmt":"2024-12-09T21:45:44","slug":"ordonanta-de-retinere-a-mercenarului-horatiu-potra-a-expirat-decizia-judecatorilor-intarzie","status":"publish","type":"post","link":"https:\/\/247stiri.ro\/index.php\/2024\/12\/09\/ordonanta-de-retinere-a-mercenarului-horatiu-potra-a-expirat-decizia-judecatorilor-intarzie\/","title":{"rendered":"Ordonan\u021ba de re\u021binere a mercenarului Hora\u021biu Potra a expirat! Decizia judec\u0103torilor \u00eent\u00e2rzie"},"content":{"rendered":"<p>Ordonan\u021ba de re\u021binere pentru 24 de ore emis\u0103 pe numele lui Hora\u021biu Potra a expirat, dar \u00een loc s\u0103 fie prezentat \u00een fa\u021ba instan\u021bei pentru a se decide dac\u0103 va fi sau nu arestat preventiv, el se afl\u0103 \u00eenc\u0103 la domiciliul s\u0103u, unde autorit\u0103\u021bile desf\u0103\u0219oar\u0103 perchezi\u021bii.<\/p>\n<p><a href=\"https:\/\/www.realitatea.net\/stiri\/actual\/noi-perchezitii-in-dosarul-mercenarilor-lui-horatiu-potra-de-data-aceasta-sunt-vizate-locuintele-din-sibiu-ale-acestora_67571e4c63ea5f2db452d3e3\" target=\"_blank\">Noi perchezi\u021bii \u00een Dosarul mercenarilor lui Hora\u021biu Potra. De data aceasta sunt vizate locuin\u021bele din Sibiu ale acestora<\/a><\/p>\n<p>Potra va r\u0103mne \u00een custodia autorit\u0103\u0163ilor p\u00e2n\u0103 c\u00e2nd instan\u0163a de judecat\u0103 se va pronun\u0163a cu privire la propunerea de arestare preventiv\u0103.<\/p>\n<p>Dosarul \u00een care Hora\u021biu Potra este cercetat vizeaz\u0103 infrac\u0163iuni de nerespectarea regimului armelor \u015fi muni\u0163iilor orice opera\u0163iuni cu articole pirotehnice \u015fi instigare public\u0103.<\/p>\n<p>Ancheta a fost deschis\u0103 dup\u0103 ce Hora\u0163iu Potra, fost lupt\u0103tor \u00een Legiunea Str\u0103in\u0103, consilier local \u00een Consiliul Local Media\u015f, \u015fi un t\u00e2n\u0103r de 22 de ani, au fost opri\u0163i, \u00een jude\u0163ul Prahova, \u00een noaptea de s\u00e2mb\u0103t\u0103 spre duminic\u0103, iar asupra lor au fost g\u0103site arme albe (macete, s\u0103bii, pumnale), arme de foc, precum \u015fi importante sume de bani (aproximativ 18.000 USD \u015fi 25.000 lei), laptopuri, medii de stocare \u015fi o dron\u0103 profesional\u0103.<\/p>\n<p>Anchetatorii spun c\u0103, \u00een ceea ce prive\u015fte aceste obiecte, \u201dse presupune c\u0103 urmau a fi folosite pentru instigarea unor persoane \u00een comiterea de infrac\u0163iuni \u00een cadrul unor \u00eentruniri publice neautorizate \u015fi recompensarea acestora\u201d.\u00a0<\/p>\n<p><a href=\"https:\/\/www.realitatea.net\/stiri\/actual\/mercenarul-pontra-intalnire-secreta-a-ciolpani-cum-se-pregateau-proteste-violente-in-bucureti_6756caa84b5ee31105300292\" target=\"_blank\">Mercenarul Potra, \u00eent\u00e2lnire secret\u0103 cu mai multe personaje controversate. Cum se preg\u0103teau proteste violente \u00een Bucure\u0219ti &#8211; SURSE\/VIDEO<\/a><\/p>","protected":false},"excerpt":{"rendered":"<p>Ordonan\u021ba de re\u021binere pentru 24 de ore emis\u0103 pe numele lui Hora\u021biu Potra a expirat,&hellip;<\/p>\n","protected":false},"author":0,"featured_media":15284,"comment_status":"open","ping_status":"open","sticky":false,"template":"","format":"standard","meta":{"footnotes":""},"categories":[2],"tags":[],"class_list":["post-15283","post","type-post","status-publish","format-standard","has-post-thumbnail","hentry","category-actual"],"_links":{"self":[{"href":"https:\/\/247stiri.ro\/index.php\/wp-json\/wp\/v2\/posts\/15283","targetHints":{"allow":["GET"]}}],"collection":[{"href":"https:\/\/247stiri.ro\/index.php\/wp-json\/wp\/v2\/posts"}],"about":[{"href":"https:\/\/247stiri.ro\/index.php\/wp-json\/wp\/v2\/types\/post"}],"replies":[{"embeddable":true,"href":"https:\/\/247stiri.ro\/index.php\/wp-json\/wp\/v2\/comments?post=15283"}],"version-history":[{"count":0,"href":"https:\/\/247stiri.ro\/index.php\/wp-json\/wp\/v2\/posts\/15283\/revisions"}],"wp:featuredmedia":[{"embeddable":true,"href":"https:\/\/247stiri.ro\/index.php\/wp-json\/wp\/v2\/media\/15284"}],"wp:attachment":[{"href":"https:\/\/247stiri.ro\/index.php\/wp-json\/wp\/v2\/media?parent=15283"}],"wp:term":[{"taxonomy":"category","embeddable":true,"href":"https:\/\/247stiri.ro\/index.php\/wp-json\/wp\/v2\/categories?post=15283"},{"taxonomy":"post_tag","embeddable":true,"href":"https:\/\/247stiri.ro\/index.php\/wp-json\/wp\/v2\/tags?post=15283"}],"curies":[{"name":"wp","href":"https:\/\/api.w.org\/{rel}","templated":true}]}}