{"id":15285,"date":"2024-12-09T21:45:45","date_gmt":"2024-12-09T21:45:45","guid":{"rendered":"https:\/\/247stiri.ro\/index.php\/2024\/12\/09\/eugen-sechila-despre-fotografia-alaturi-de-calin-georgescu-e-de-acum-patru-ani-de-ce-a-fost-ridicat-din-trafic-de-politie\/"},"modified":"2024-12-09T21:45:45","modified_gmt":"2024-12-09T21:45:45","slug":"eugen-sechila-despre-fotografia-alaturi-de-calin-georgescu-e-de-acum-patru-ani-de-ce-a-fost-ridicat-din-trafic-de-politie","status":"publish","type":"post","link":"https:\/\/247stiri.ro\/index.php\/2024\/12\/09\/eugen-sechila-despre-fotografia-alaturi-de-calin-georgescu-e-de-acum-patru-ani-de-ce-a-fost-ridicat-din-trafic-de-politie\/","title":{"rendered":"Eugen Sechila, despre fotografia al\u0103turi de C\u0103lin Georgescu: \u201eE de acum patru ani\u201d. De ce a fost ridicat din trafic de Poli\u021bie"},"content":{"rendered":"<p>Prin telefon, la Realitatea PLUS, Eugen Sechila a clarificat circumstan\u021bele \u00een care a fost realizat\u0103 imaginea. Potrivit acestuia, fotografia dateaz\u0103 de acum patru ani \u0219i a fost realizat\u0103 \u00een cadrul unei \u00eent\u00e2lniri \u00eentre mai mul\u021bi fo\u0219ti din legiunea str\u0103in\u0103. Sechila a explicat c\u0103 discu\u021biile au vizat un posibil proiect de paz\u0103 \u0219i protec\u021bie, f\u0103r\u0103 implica\u021bii politice sau de alt\u0103 natur\u0103.<\/p>\n<p>Eugen Sechila: \u201eAceast\u0103 fotografie a fost f\u0103cut\u0103 \u00een urm\u0103 cu vreo 4 ani. Ne-am \u00eent\u00e2lnit mai mul\u021bi camarazi din legiunea str\u0103in\u0103. S-a discutat despre o eventual\u0103 paz\u0103 \u0219i protec\u021bie. A fost o perioad\u0103 \u00een care am avut dou\u0103 \u00eent\u00e2lniri consecutive cu Horatiu Potra. Una, la mine acas\u0103, unde ne-am \u00eent\u00e2lnit mai mul\u021bi camarazi de la Legiunea Str\u0103in\u0103. Fo\u0219ti camarazi \u00een legiune. \u0218i a doua \u00eent\u00e2lnire pe care, din c\u00e2t \u00eemi amintesc, la solicitarea lui Horatiu Potra, am avut-o la hotel Marriot.<\/p>\n<p>Acesta a fost oprit \u00een trafic \u0219i dus la audieri, la Poli\u021bia Bragadiru.<\/p>\n<p>\u201eAm fost ridicat din trafic datorit\u0103 unei inten\u021bii pe care am avut-o s\u0103 dau o explica\u021bie \u00eentr-un video fa\u021b\u0103 de lin\u0219ajul mediatic la care am fost supus eu \u0219i familia mea. Am vrut s\u0103 comunic \u00eentr-un mesaj video ce mi se \u00eent\u00e2mpl\u0103 dup\u0103 care am anun\u021bat c\u0103 voi face apel la institu\u021bii. Suntem sub asediul minciunilor \u0219i calomniilor. Eu sunt f\u0103cut rusofil, neolegionar, \u0219eful mi\u0219c\u0103rii c\u0103 fac tabere paramilitare pentru copii de 13 ani&#8230;. fac ni\u0219te tabere care se aseam\u0103n\u0103 cu cele de cerceta\u0219i. O s\u0103 m\u0103 sf\u0103tuiesc cu avoca\u021bii, nu este domeniul meu, eu fac tot ce este necesar.<\/p>\n<p>Au vrut s\u0103 fac\u0103 o asociere cu gruparea lui Hora\u021biu Potra. Eu pot vorbi doar ce fac eu \u0219i am dat o declara\u021bie. M-au dus la circa de poli\u021bie din Bragadiru, dup\u0103 ce mi-am schimbat decizia, ini\u021bial voiam s\u0103 o fac \u00eentr-un loc public, aveam inten\u021bia s\u0103 merg s\u0103 vorbesc cu duhovnicul meu, eram tulburat\u201d, a spus Eugen Sechila.<\/p>\n<p><a href=\"https:\/\/www.realitatea.net\/stiri\/actual\/calin-georgescu-face-lumina-sa-intalnit-sau-nu-cu-horatiu-potra-pozele-sunt-vechi-nu-imi-mai-aduceam-aminte-de-el_67574e0f3307ad23ad3dbba2\" target=\"_blank\">C\u0103lin Georgescu face lumin\u0103. S-a \u00eent\u00e2lnit sau nu cu Hora\u021biu Potra: \u201ePozele sunt vechi. Nu \u00eemi mai aduceam aminte de el. M\u0103 v\u0103d cu o mie de oameni s\u0103pt\u0103m\u00e2nal. Este o campanie de denigrare la adresa mea\u201d<\/a><\/p>","protected":false},"excerpt":{"rendered":"<p>Prin telefon, la Realitatea PLUS, Eugen Sechila a clarificat circumstan\u021bele \u00een care a fost realizat\u0103&hellip;<\/p>\n","protected":false},"author":0,"featured_media":15286,"comment_status":"open","ping_status":"open","sticky":false,"template":"","format":"standard","meta":{"footnotes":""},"categories":[2],"tags":[],"class_list":["post-15285","post","type-post","status-publish","format-standard","has-post-thumbnail","hentry","category-actual"],"_links":{"self":[{"href":"https:\/\/247stiri.ro\/index.php\/wp-json\/wp\/v2\/posts\/15285","targetHints":{"allow":["GET"]}}],"collection":[{"href":"https:\/\/247stiri.ro\/index.php\/wp-json\/wp\/v2\/posts"}],"about":[{"href":"https:\/\/247stiri.ro\/index.php\/wp-json\/wp\/v2\/types\/post"}],"replies":[{"embeddable":true,"href":"https:\/\/247stiri.ro\/index.php\/wp-json\/wp\/v2\/comments?post=15285"}],"version-history":[{"count":0,"href":"https:\/\/247stiri.ro\/index.php\/wp-json\/wp\/v2\/posts\/15285\/revisions"}],"wp:featuredmedia":[{"embeddable":true,"href":"https:\/\/247stiri.ro\/index.php\/wp-json\/wp\/v2\/media\/15286"}],"wp:attachment":[{"href":"https:\/\/247stiri.ro\/index.php\/wp-json\/wp\/v2\/media?parent=15285"}],"wp:term":[{"taxonomy":"category","embeddable":true,"href":"https:\/\/247stiri.ro\/index.php\/wp-json\/wp\/v2\/categories?post=15285"},{"taxonomy":"post_tag","embeddable":true,"href":"https:\/\/247stiri.ro\/index.php\/wp-json\/wp\/v2\/tags?post=15285"}],"curies":[{"name":"wp","href":"https:\/\/api.w.org\/{rel}","templated":true}]}}