{"id":15322,"date":"2024-12-10T06:44:57","date_gmt":"2024-12-10T06:44:57","guid":{"rendered":"https:\/\/247stiri.ro\/index.php\/2024\/12\/10\/cum-va-fi-vremea-de-craciun-si-revelion-anm-a-emisprognoza-meteo-pentru-urmatoarele-4-saptamani\/"},"modified":"2024-12-10T06:44:57","modified_gmt":"2024-12-10T06:44:57","slug":"cum-va-fi-vremea-de-craciun-si-revelion-anm-a-emisprognoza-meteo-pentru-urmatoarele-4-saptamani","status":"publish","type":"post","link":"https:\/\/247stiri.ro\/index.php\/2024\/12\/10\/cum-va-fi-vremea-de-craciun-si-revelion-anm-a-emisprognoza-meteo-pentru-urmatoarele-4-saptamani\/","title":{"rendered":"Cum va fi VREMEA de Cr\u0103ciun \u0219i Revelion. ANM a emisprognoza meteo pentru urm\u0103toarele 4 s\u0103pt\u0103m\u00e2ni"},"content":{"rendered":"<p>9 &#8211; 16 decembrie<\/p>\n<p>Valorile termice se vor situa \u00een general \u00een jurul celor specifice pentru aceast\u0103 s\u0103pt\u0103m\u00e2n\u0103, u\u0219or mai cobor\u00e2te, local, \u00een zonele montane \u0219i \u00een extremitatea de sud-est a \u021b\u0103rii. Regimul pluviometric va fi excedentar \u00een regiunile nord-estice \u0219i \u00een extremitatea de sud-est a \u021b\u0103rii, dar \u0219i deficitar \u00een cele vestice \u0219i sud- vestice, iar \u00een rest va fi \u00een general apropiat de cel normal.<\/p>\n<p>16 &#8211; 23 decembrie<\/p>\n<p>Temperaturile medii vor fi \u00een general apropiate de cele normale pentru acest interval, posibil u\u0219or mai ridicate \u00een regiunile nord- estice. Cantit\u0103\u021bile de precipita\u021bii estimate pentru aceast\u0103 perioad\u0103 vor fi deficitare la nivelul \u00eentregii \u021b\u0103ri.<\/p>\n<p>23 &#8211; 30 decembrie<\/p>\n<p>Temperatura medie a aerului va avea valori apropiate de cele normale pentru acest interval, \u00een toate regiunile. Regimul pluviometric va fi \u00een general apropiat de cel normal pentru aceast\u0103 perioad\u0103, \u00een cea mai mare parte a \u021b\u0103rii.<\/p>\n<p>30 decembrie &#8211; 6 ianuarie<\/p>\n<p>Mediile valorilor termice se vor situa \u00een jurul celor specifice pentru aceast\u0103 s\u0103pt\u0103m\u00e2n\u0103, pe \u00eentreg teritoriul Rom\u00e2niei. Cantit\u0103\u021bile de precipita\u021bii vor fi apropiate de cele normale pentru acest interval, \u00een toate regiunile.<\/p>\n<p>\u00a0<\/p>","protected":false},"excerpt":{"rendered":"<p>9 &#8211; 16 decembrie Valorile termice se vor situa \u00een general \u00een jurul celor specifice&hellip;<\/p>\n","protected":false},"author":0,"featured_media":15323,"comment_status":"open","ping_status":"open","sticky":false,"template":"","format":"standard","meta":{"footnotes":""},"categories":[2],"tags":[],"class_list":["post-15322","post","type-post","status-publish","format-standard","has-post-thumbnail","hentry","category-actual"],"_links":{"self":[{"href":"https:\/\/247stiri.ro\/index.php\/wp-json\/wp\/v2\/posts\/15322","targetHints":{"allow":["GET"]}}],"collection":[{"href":"https:\/\/247stiri.ro\/index.php\/wp-json\/wp\/v2\/posts"}],"about":[{"href":"https:\/\/247stiri.ro\/index.php\/wp-json\/wp\/v2\/types\/post"}],"replies":[{"embeddable":true,"href":"https:\/\/247stiri.ro\/index.php\/wp-json\/wp\/v2\/comments?post=15322"}],"version-history":[{"count":0,"href":"https:\/\/247stiri.ro\/index.php\/wp-json\/wp\/v2\/posts\/15322\/revisions"}],"wp:featuredmedia":[{"embeddable":true,"href":"https:\/\/247stiri.ro\/index.php\/wp-json\/wp\/v2\/media\/15323"}],"wp:attachment":[{"href":"https:\/\/247stiri.ro\/index.php\/wp-json\/wp\/v2\/media?parent=15322"}],"wp:term":[{"taxonomy":"category","embeddable":true,"href":"https:\/\/247stiri.ro\/index.php\/wp-json\/wp\/v2\/categories?post=15322"},{"taxonomy":"post_tag","embeddable":true,"href":"https:\/\/247stiri.ro\/index.php\/wp-json\/wp\/v2\/tags?post=15322"}],"curies":[{"name":"wp","href":"https:\/\/api.w.org\/{rel}","templated":true}]}}