{"id":15331,"date":"2024-12-10T07:44:57","date_gmt":"2024-12-10T07:44:57","guid":{"rendered":"https:\/\/247stiri.ro\/index.php\/2024\/12\/10\/liderii-principalelor-partide-politice-pentru-prima-data-la-masa-negocierilor-dupa-rezultatul-alegerilor-parlamentare-miza-uriasa\/"},"modified":"2024-12-10T07:44:57","modified_gmt":"2024-12-10T07:44:57","slug":"liderii-principalelor-partide-politice-pentru-prima-data-la-masa-negocierilor-dupa-rezultatul-alegerilor-parlamentare-miza-uriasa","status":"publish","type":"post","link":"https:\/\/247stiri.ro\/index.php\/2024\/12\/10\/liderii-principalelor-partide-politice-pentru-prima-data-la-masa-negocierilor-dupa-rezultatul-alegerilor-parlamentare-miza-uriasa\/","title":{"rendered":"Liderii principalelor partide politice, pentru prima dat\u0103 la masa NEGOCIERILOR dup\u0103 rezultatul alegerilor parlamentare. Miz\u0103 uria\u0219\u0103"},"content":{"rendered":"<p>Social-democra\u021bii vin la masa negocierilor cu un mesaj clar: \u00ee\u0219i doresc s\u0103 r\u0103m\u00e2n\u0103 la guvernare \u0219i \u00ee\u0219i doresc, de asmenea, \u0219i scaunul de premier, cel mai probabil pentru Marcel Ciolacu.\u00a0<\/p>\n<p>\u00cen plus, sunt foarte multe voci dintre liderii PSD care spun c\u0103 \u0219i-ar dori s\u0103 lase USR \u00een opozi\u021bie. De altfel, \u0219i \u00een tab\u0103ra celor din USR exist\u0103 voci care \u0219i-ar dori s\u0103 fac\u0103 acest lucru ca s\u0103 nu \u0103\u0219i asume reformele care trebuie luate anul viitor. Sunt \u00eens\u0103 \u0219i mul\u021bi din USR care \u0219i-ar dori s\u0103 fac\u0103 parte din urm\u0103torul guvern, av\u00e2nd \u00een vedere c\u0103 au luat un scor extrem de mare la parlamentare care le-ar permite s\u0103 fac\u0103 parte din viitoarea majoritate.\u00a0<\/p>\n<p>De cealalt\u0103 parte, \u00een tab\u0103ra liberal\u0103 preten\u021biile sunt mult mai mici. Luni seara, Ilie Bolojan declara c\u0103 liberalii sunt reali\u0219ti \u0219i c\u0103 &#8211; av\u00e2nd \u00een vedere scorul pe care l-au luat la parlamentare &#8211; nu vor veni cu preten\u021bii foarte mari, fiind \u00eentrebat dac\u0103 \u00ee\u0219i dore\u0219te scaunul de premier sau dac\u0103 ar putea renun\u021ba la acesta \u00een favoarea lui Marcel Ciolacu. Asta doearece \u0219i Ilie Bolojan a fost vehiculat pentru aceast\u0103 func\u021bie.\u00a0<\/p>\n<p>Ast\u0103zi se vor purta negocieri \u00eentre liderii partidelor. \u0218tim deja c\u0103 exist\u0103 un document semnat de liderii mai mici \u00een rang din aceste partide pentru o amjoritate \u00een Parlament, \u00eens\u0103 guvernarea este negociat\u0103s eparat.\u00a0<\/p>\n<p>Ne a\u0219tept\u0103m s\u0103 existe discu\u021bii \u0219i despre un candidat comun la alegerile preziden\u021biale pentru c\u0103 s-a discutat inclusiv aceast\u0103 variant\u0103 a unui tandem pre\u0219edinte-premier, \u00eens\u0103 trebuie s\u0103 a\u0219tept\u0103m \u00eent\u00e2i s\u0103 vedem cu ce pretentie vine fiecare partid la masa negocierilor.\u00a0<\/p>\n<p>\u00a0<\/p>\n<p>\u00a0<\/p>\n<p>\u00a0<\/p>","protected":false},"excerpt":{"rendered":"<p>Social-democra\u021bii vin la masa negocierilor cu un mesaj clar: \u00ee\u0219i doresc s\u0103 r\u0103m\u00e2n\u0103 la guvernare&hellip;<\/p>\n","protected":false},"author":0,"featured_media":15332,"comment_status":"open","ping_status":"open","sticky":false,"template":"","format":"standard","meta":{"footnotes":""},"categories":[3],"tags":[],"class_list":["post-15331","post","type-post","status-publish","format-standard","has-post-thumbnail","hentry","category-politica"],"_links":{"self":[{"href":"https:\/\/247stiri.ro\/index.php\/wp-json\/wp\/v2\/posts\/15331","targetHints":{"allow":["GET"]}}],"collection":[{"href":"https:\/\/247stiri.ro\/index.php\/wp-json\/wp\/v2\/posts"}],"about":[{"href":"https:\/\/247stiri.ro\/index.php\/wp-json\/wp\/v2\/types\/post"}],"replies":[{"embeddable":true,"href":"https:\/\/247stiri.ro\/index.php\/wp-json\/wp\/v2\/comments?post=15331"}],"version-history":[{"count":0,"href":"https:\/\/247stiri.ro\/index.php\/wp-json\/wp\/v2\/posts\/15331\/revisions"}],"wp:featuredmedia":[{"embeddable":true,"href":"https:\/\/247stiri.ro\/index.php\/wp-json\/wp\/v2\/media\/15332"}],"wp:attachment":[{"href":"https:\/\/247stiri.ro\/index.php\/wp-json\/wp\/v2\/media?parent=15331"}],"wp:term":[{"taxonomy":"category","embeddable":true,"href":"https:\/\/247stiri.ro\/index.php\/wp-json\/wp\/v2\/categories?post=15331"},{"taxonomy":"post_tag","embeddable":true,"href":"https:\/\/247stiri.ro\/index.php\/wp-json\/wp\/v2\/tags?post=15331"}],"curies":[{"name":"wp","href":"https:\/\/api.w.org\/{rel}","templated":true}]}}