{"id":15335,"date":"2024-12-10T07:44:57","date_gmt":"2024-12-10T07:44:57","guid":{"rendered":"https:\/\/247stiri.ro\/index.php\/2024\/12\/10\/incendiu-violent-la-un-depozit-de-materiale-pe-centura-de-nord-a-craiovei-pompierii-se-lupta-cu-flacarile-contra-cronometru\/"},"modified":"2024-12-10T07:44:57","modified_gmt":"2024-12-10T07:44:57","slug":"incendiu-violent-la-un-depozit-de-materiale-pe-centura-de-nord-a-craiovei-pompierii-se-lupta-cu-flacarile-contra-cronometru","status":"publish","type":"post","link":"https:\/\/247stiri.ro\/index.php\/2024\/12\/10\/incendiu-violent-la-un-depozit-de-materiale-pe-centura-de-nord-a-craiovei-pompierii-se-lupta-cu-flacarile-contra-cronometru\/","title":{"rendered":"Incendiu violent la un depozit de materiale pe Centura de Nord a Craiovei. Pompierii se lupt\u0103 cu fl\u0103c\u0103rile contra cronometru"},"content":{"rendered":"<p>Un incendiu de propor\u021bii a izbucnit la un depozit de materiale de construc\u021bii situat pe Centura de Nord a Craiovei, provoc\u00e2nd degaj\u0103ri mari de fum. \u00cen interiorul depozitului se afl\u0103 vopseluri, materiale plastice \u0219i lemnoase, ceea ce a dus la intensificarea focului \u0219i a complicat misiunea echipelor de interven\u021bie.<\/p>\n<p>\u00cen urma alarm\u0103rii, Inspectoratul pentru Situa\u021bii de Urgen\u021b\u0103 (ISU) Dolj a mobilizat un num\u0103r suplimentar de for\u021be pentru a combate incendiul, av\u00e2nd \u00een vedere gravitatea situa\u021biei. Autorit\u0103\u021bile au emis un mesaj prin intermediul sistemului RO-ALERT, prin care cet\u0103\u021benii sunt ruga\u021bi s\u0103 evite zona afectat\u0103 \u0219i s\u0103 lase c\u0103ile de acces libere pentru echipajele de interven\u021bie.<\/p>\n<p>Cet\u0103\u021benii sunt sf\u0103tui\u021bi s\u0103 urmeze recomand\u0103rile autorit\u0103\u021bilor \u0219i s\u0103 se ab\u021bin\u0103 de la a se apropia de zona incendiului pentru a nu pune \u00een pericol s\u0103n\u0103tatea \u0219i siguran\u021ba lor.<\/p>\n<p><a href=\"https:\/\/www.realitatea.net\/stiri\/actual\/iarna-face-victime-pe-drumurile-romaniei-doua-persoane-au-ramas-inzapezite-cu-autoturismul-pe-un-drum-judetean-in-neamt-doar-interventia-pompierilor-ia-salvat_6757ecc18273f353700670e2\" target=\"_blank\">Iarna face victime pe drumurile Rom\u00e2niei. Dou\u0103 persoane au r\u0103mas \u00eenz\u0103pezite cu autoturismul pe un drum jude\u0163ean \u00een Neam\u021b. Doar interven\u021bia pompierilor i-a salvat<\/a><\/p>","protected":false},"excerpt":{"rendered":"<p>Un incendiu de propor\u021bii a izbucnit la un depozit de materiale de construc\u021bii situat pe&hellip;<\/p>\n","protected":false},"author":0,"featured_media":15336,"comment_status":"open","ping_status":"open","sticky":false,"template":"","format":"standard","meta":{"footnotes":""},"categories":[2],"tags":[],"class_list":["post-15335","post","type-post","status-publish","format-standard","has-post-thumbnail","hentry","category-actual"],"_links":{"self":[{"href":"https:\/\/247stiri.ro\/index.php\/wp-json\/wp\/v2\/posts\/15335","targetHints":{"allow":["GET"]}}],"collection":[{"href":"https:\/\/247stiri.ro\/index.php\/wp-json\/wp\/v2\/posts"}],"about":[{"href":"https:\/\/247stiri.ro\/index.php\/wp-json\/wp\/v2\/types\/post"}],"replies":[{"embeddable":true,"href":"https:\/\/247stiri.ro\/index.php\/wp-json\/wp\/v2\/comments?post=15335"}],"version-history":[{"count":0,"href":"https:\/\/247stiri.ro\/index.php\/wp-json\/wp\/v2\/posts\/15335\/revisions"}],"wp:featuredmedia":[{"embeddable":true,"href":"https:\/\/247stiri.ro\/index.php\/wp-json\/wp\/v2\/media\/15336"}],"wp:attachment":[{"href":"https:\/\/247stiri.ro\/index.php\/wp-json\/wp\/v2\/media?parent=15335"}],"wp:term":[{"taxonomy":"category","embeddable":true,"href":"https:\/\/247stiri.ro\/index.php\/wp-json\/wp\/v2\/categories?post=15335"},{"taxonomy":"post_tag","embeddable":true,"href":"https:\/\/247stiri.ro\/index.php\/wp-json\/wp\/v2\/tags?post=15335"}],"curies":[{"name":"wp","href":"https:\/\/api.w.org\/{rel}","templated":true}]}}