{"id":15337,"date":"2024-12-10T07:44:58","date_gmt":"2024-12-10T07:44:58","guid":{"rendered":"https:\/\/247stiri.ro\/index.php\/2024\/12\/10\/averea-fabuloasa-a-lui-horatiu-potra-mercenarul-pro-rus-acuzat-ca-voia-macel-in-strada\/"},"modified":"2024-12-10T07:44:58","modified_gmt":"2024-12-10T07:44:58","slug":"averea-fabuloasa-a-lui-horatiu-potra-mercenarul-pro-rus-acuzat-ca-voia-macel-in-strada","status":"publish","type":"post","link":"https:\/\/247stiri.ro\/index.php\/2024\/12\/10\/averea-fabuloasa-a-lui-horatiu-potra-mercenarul-pro-rus-acuzat-ca-voia-macel-in-strada\/","title":{"rendered":"Averea fabuloas\u0103 a lui Hora\u021biu Potra, mercenarul pro-rus acuzat c\u0103 voia m\u0103cel \u00een strad\u0103"},"content":{"rendered":"<p>\u0218eful mercenarilor, Hora\u0163iu Potra, de\u021bine o avere care num\u0103r\u0103 zeci de imobile \u0219i 15 kilograme de aur.\u00a0<\/p>\n<p>\u00cen 2023, Potra a ob\u021binut un venit de peste 1.100.000 de euro din activitatea sa ca PFA, al c\u0103rei obiect de activitate este \u201epreg\u0103tire fizic\u0103 \u0219i antrenament de specialitate\u201d, potrivit declara\u021biei sale de avere depuse anul acesta. La aceast\u0103 sum\u0103 se adaug\u0103 24.000 de lei din activitatea de administrator al unei firme.<\/p>\n<p><a href=\"https:\/\/www.realitatea.net\/stiri\/justitie\/ordonanta-de-retinere-pentru-24-de-ore-emisa-pe-numele-lui-horatiu-potra-a-expirat-seful-mercenarilor-in-continuare-in-custodia-politiei_6757cc6863c6f823165ccc42\" target=\"_blank\">\u0218eful mercenarilor, Hora\u021biu Potra, s\u0103ltat din nou de masca\u021bi \u0219i dus la audieri. La perchezi\u021bii, anchetatorii au g\u0103sit 1,7 milioane de dolari \u00een seifuri<\/a><\/p>\n<p>Averea lui Potra num\u0103r\u0103 75 de terenuri \u0219i 30 de imobile, la care se adaug\u0103 14 conturi bancare \u00een care apar sume uria\u0219e de bani, \u00een mai multe valute.<\/p>\n<p>Hora\u021biu Potra este asociat \u00een 8 firme \u0219i membru al Asocia\u021biei Rom\u00e2nilor care au activat \u00een Legiunea Francez\u0103. \u0218eful mercenarilor este \u0219i pre\u0219edintele filialei Media\u0219 a Partidului Patrio\u021bilor.<\/p>","protected":false},"excerpt":{"rendered":"<p>\u0218eful mercenarilor, Hora\u0163iu Potra, de\u021bine o avere care num\u0103r\u0103 zeci de imobile \u0219i 15 kilograme&hellip;<\/p>\n","protected":false},"author":0,"featured_media":15338,"comment_status":"open","ping_status":"open","sticky":false,"template":"","format":"standard","meta":{"footnotes":""},"categories":[2],"tags":[],"class_list":["post-15337","post","type-post","status-publish","format-standard","has-post-thumbnail","hentry","category-actual"],"_links":{"self":[{"href":"https:\/\/247stiri.ro\/index.php\/wp-json\/wp\/v2\/posts\/15337","targetHints":{"allow":["GET"]}}],"collection":[{"href":"https:\/\/247stiri.ro\/index.php\/wp-json\/wp\/v2\/posts"}],"about":[{"href":"https:\/\/247stiri.ro\/index.php\/wp-json\/wp\/v2\/types\/post"}],"replies":[{"embeddable":true,"href":"https:\/\/247stiri.ro\/index.php\/wp-json\/wp\/v2\/comments?post=15337"}],"version-history":[{"count":0,"href":"https:\/\/247stiri.ro\/index.php\/wp-json\/wp\/v2\/posts\/15337\/revisions"}],"wp:featuredmedia":[{"embeddable":true,"href":"https:\/\/247stiri.ro\/index.php\/wp-json\/wp\/v2\/media\/15338"}],"wp:attachment":[{"href":"https:\/\/247stiri.ro\/index.php\/wp-json\/wp\/v2\/media?parent=15337"}],"wp:term":[{"taxonomy":"category","embeddable":true,"href":"https:\/\/247stiri.ro\/index.php\/wp-json\/wp\/v2\/categories?post=15337"},{"taxonomy":"post_tag","embeddable":true,"href":"https:\/\/247stiri.ro\/index.php\/wp-json\/wp\/v2\/tags?post=15337"}],"curies":[{"name":"wp","href":"https:\/\/api.w.org\/{rel}","templated":true}]}}