{"id":15341,"date":"2024-12-10T07:44:58","date_gmt":"2024-12-10T07:44:58","guid":{"rendered":"https:\/\/247stiri.ro\/index.php\/2024\/12\/10\/iarna-face-victime-pe-drumurile-romaniei-doua-persoane-au-ramas-inzapezite-cu-autoturismul-pe-un-drum-judetean-in-neamt-doar-interventia-pompierilor-i-a-salvat\/"},"modified":"2024-12-10T07:44:58","modified_gmt":"2024-12-10T07:44:58","slug":"iarna-face-victime-pe-drumurile-romaniei-doua-persoane-au-ramas-inzapezite-cu-autoturismul-pe-un-drum-judetean-in-neamt-doar-interventia-pompierilor-i-a-salvat","status":"publish","type":"post","link":"https:\/\/247stiri.ro\/index.php\/2024\/12\/10\/iarna-face-victime-pe-drumurile-romaniei-doua-persoane-au-ramas-inzapezite-cu-autoturismul-pe-un-drum-judetean-in-neamt-doar-interventia-pompierilor-i-a-salvat\/","title":{"rendered":"Iarna face victime pe drumurile Rom\u00e2niei. Dou\u0103 persoane au r\u0103mas \u00eenz\u0103pezite cu autoturismul pe un drum jude\u0163ean \u00een Neam\u021b. Doar interven\u021bia pompierilor i-a salvat"},"content":{"rendered":"<p>&#8222;La ora 19,53, pompierii au fost solicita\u0163i s\u0103 intervin\u0103 pe DJ 155F &#8211; drumul axial c\u0103tre sta\u0163iunea Dur\u0103u &#8211; pentru \u00eendep\u0103rtarea unui arbore c\u0103zut pe carosabil. La locul solicit\u0103rii au fost alocate for\u0163e \u015fi mijloace de interven\u0163ie de la Garda nr. 2 Poiana Teiului \u015fi voluntarii SVSU Ceahl\u0103u. Dup\u0103 \u00eendep\u0103rtarea arborelui de pe carosabil, for\u0163ele de interven\u0163ie au ac\u0163ionat \u015fi pentru deblocarea unui autoturism \u00eenz\u0103pezit \u00een care se aflau dou\u0103 persoane&#8221;, a declarat purt\u0103torul de cuv\u00e2nt al ISU Neam\u0163, Irina Popa.Luni seara, pompierii au intervenit \u015fi \u00een localitatea C\u00e2nde\u015fti, pentru evacuarea apei dintr-o gospod\u0103rie inundat\u0103 ca urmare a precipita\u0163iilor c\u0103zute.\u00a0<\/p>\n<p><a title=\"Cum va fi VREMEA de Craciun si Revelion. ANM a emis prognoza meteo pentru urmatoarele 4 saptamani\" href=\"https:\/\/www.realitatea.net\/stiri\/actual\/cum-va-fi-vremea-de-craciun-si-revelion-anm-a-emisprognoza-meteo-pentru-urmatoarele-4-saptamani_6757df43c542ca169f37b112\">Cum va fi VREMEA de Cr\u0103ciun \u0219i Revelion. ANM a emis prognoza meteo pentru urm\u0103toarele 4 s\u0103pt\u0103m\u00e2ni<\/a><\/p>","protected":false},"excerpt":{"rendered":"<p>&#8222;La ora 19,53, pompierii au fost solicita\u0163i s\u0103 intervin\u0103 pe DJ 155F &#8211; drumul axial&hellip;<\/p>\n","protected":false},"author":0,"featured_media":15342,"comment_status":"open","ping_status":"open","sticky":false,"template":"","format":"standard","meta":{"footnotes":""},"categories":[2],"tags":[],"class_list":["post-15341","post","type-post","status-publish","format-standard","has-post-thumbnail","hentry","category-actual"],"_links":{"self":[{"href":"https:\/\/247stiri.ro\/index.php\/wp-json\/wp\/v2\/posts\/15341","targetHints":{"allow":["GET"]}}],"collection":[{"href":"https:\/\/247stiri.ro\/index.php\/wp-json\/wp\/v2\/posts"}],"about":[{"href":"https:\/\/247stiri.ro\/index.php\/wp-json\/wp\/v2\/types\/post"}],"replies":[{"embeddable":true,"href":"https:\/\/247stiri.ro\/index.php\/wp-json\/wp\/v2\/comments?post=15341"}],"version-history":[{"count":0,"href":"https:\/\/247stiri.ro\/index.php\/wp-json\/wp\/v2\/posts\/15341\/revisions"}],"wp:featuredmedia":[{"embeddable":true,"href":"https:\/\/247stiri.ro\/index.php\/wp-json\/wp\/v2\/media\/15342"}],"wp:attachment":[{"href":"https:\/\/247stiri.ro\/index.php\/wp-json\/wp\/v2\/media?parent=15341"}],"wp:term":[{"taxonomy":"category","embeddable":true,"href":"https:\/\/247stiri.ro\/index.php\/wp-json\/wp\/v2\/categories?post=15341"},{"taxonomy":"post_tag","embeddable":true,"href":"https:\/\/247stiri.ro\/index.php\/wp-json\/wp\/v2\/tags?post=15341"}],"curies":[{"name":"wp","href":"https:\/\/api.w.org\/{rel}","templated":true}]}}