{"id":15344,"date":"2024-12-10T07:44:59","date_gmt":"2024-12-10T07:44:59","guid":{"rendered":"https:\/\/247stiri.ro\/index.php\/2024\/12\/10\/perchezitii-diicot-la-primaria-crevedia-si-la-casa-edilului-acuzatii-grave-exploatarea-oamenilor-prin-munca-si-trafic-de-persoane\/"},"modified":"2024-12-10T07:44:59","modified_gmt":"2024-12-10T07:44:59","slug":"perchezitii-diicot-la-primaria-crevedia-si-la-casa-edilului-acuzatii-grave-exploatarea-oamenilor-prin-munca-si-trafic-de-persoane","status":"publish","type":"post","link":"https:\/\/247stiri.ro\/index.php\/2024\/12\/10\/perchezitii-diicot-la-primaria-crevedia-si-la-casa-edilului-acuzatii-grave-exploatarea-oamenilor-prin-munca-si-trafic-de-persoane\/","title":{"rendered":"Perchezi\u021bii DIICOT la Prim\u0103ria Crevedia \u0219i la casa edilului. Acuza\u021bii grave: exploatarea oamenilor prin munc\u0103 \u0219i trafic de persoane"},"content":{"rendered":"<p>Procurorii Direc\u021biei de Investigare a Infrac\u021biunilor de Criminalitate Organizat\u0103 \u0219i Terorism \u2013 Biroul Teritorial D\u00e2mbovi\u021ba \u00eempreun\u0103 cu ofi\u021berii Serviciului de Combatere a Criminalit\u0103\u021bii Organizate D\u00e2mbovi\u021ba efectueaz\u0103 3 perchezi\u021bii domiciliare pe raza comunei Crevedia, inclusiv la sediul unei institu\u021bii publice, \u00eentr-o cauz\u0103 viz\u00e2nd s\u0103v\u00e2r\u0219irea infrac\u021biunii de trafic de persoane.<\/p>\n<p>Din probatoriul administrat a reie\u0219it c\u0103, \u00eencep\u00e2nd cu luna ianuarie 2022, un suspect, cunosc\u00e2nd prin prisma func\u021biei publice de\u021binute starea de v\u0103dit\u0103 vulnerabilitate a unei victime cu handicap mintal accentuat permanent (lipsit\u0103 de suport familial \u0219i de locuin\u021b\u0103), a ad\u0103postit-o \u00een condi\u021bii improprii, la ferma de animale pe care o de\u021bine, \u00een scopul exploat\u0103rii prin munc\u0103.<\/p>\n<p>Victima a fost obligat\u0103, prin constr\u00e2ngere fizic\u0103 \u0219i psihic\u0103, s\u0103 presteze \u00a0activit\u0103\u021bi lucrative permanente const\u00e2nd \u00een \u00eengrijirea animalelor de la ferma situat\u0103 pe raza jude\u021bului D\u00e2mbovi\u021ba.<\/p>\n<p>Audierile se desf\u0103\u0219oar\u0103 la sediul DIICOT &#8211; Biroul Teritorial D\u00e2mbovi\u021ba.<\/p>\n<p>Ac\u021biunea beneficiaz\u0103 de sprijinul poli\u021bi\u0219tilor Brig\u0103zii de Combatere a Criminalit\u0103\u021bii Organizate Ploie\u0219ti, ai Inspectoratului de Poli\u021bie Jude\u021bean D\u00e2mbovi\u021ba \u0219i jandarmilor Inspectoratului de Jandarmi Jude\u021bean D\u00e2mbovi\u021ba.<\/p>","protected":false},"excerpt":{"rendered":"<p>Procurorii Direc\u021biei de Investigare a Infrac\u021biunilor de Criminalitate Organizat\u0103 \u0219i Terorism \u2013 Biroul Teritorial D\u00e2mbovi\u021ba&hellip;<\/p>\n","protected":false},"author":0,"featured_media":15345,"comment_status":"open","ping_status":"open","sticky":false,"template":"","format":"standard","meta":{"footnotes":""},"categories":[2],"tags":[],"class_list":["post-15344","post","type-post","status-publish","format-standard","has-post-thumbnail","hentry","category-actual"],"_links":{"self":[{"href":"https:\/\/247stiri.ro\/index.php\/wp-json\/wp\/v2\/posts\/15344","targetHints":{"allow":["GET"]}}],"collection":[{"href":"https:\/\/247stiri.ro\/index.php\/wp-json\/wp\/v2\/posts"}],"about":[{"href":"https:\/\/247stiri.ro\/index.php\/wp-json\/wp\/v2\/types\/post"}],"replies":[{"embeddable":true,"href":"https:\/\/247stiri.ro\/index.php\/wp-json\/wp\/v2\/comments?post=15344"}],"version-history":[{"count":0,"href":"https:\/\/247stiri.ro\/index.php\/wp-json\/wp\/v2\/posts\/15344\/revisions"}],"wp:featuredmedia":[{"embeddable":true,"href":"https:\/\/247stiri.ro\/index.php\/wp-json\/wp\/v2\/media\/15345"}],"wp:attachment":[{"href":"https:\/\/247stiri.ro\/index.php\/wp-json\/wp\/v2\/media?parent=15344"}],"wp:term":[{"taxonomy":"category","embeddable":true,"href":"https:\/\/247stiri.ro\/index.php\/wp-json\/wp\/v2\/categories?post=15344"},{"taxonomy":"post_tag","embeddable":true,"href":"https:\/\/247stiri.ro\/index.php\/wp-json\/wp\/v2\/tags?post=15344"}],"curies":[{"name":"wp","href":"https:\/\/api.w.org\/{rel}","templated":true}]}}