{"id":15359,"date":"2024-12-10T08:45:36","date_gmt":"2024-12-10T08:45:36","guid":{"rendered":"https:\/\/247stiri.ro\/index.php\/2024\/12\/10\/inspectorii-de-munca-au-pus-tunurile-pe-companiile-din-domeniile-restaurante-si-curierat-care-angajeaza-la-negru-rezultatele-au-fost-peste-asteptari\/"},"modified":"2024-12-10T08:45:36","modified_gmt":"2024-12-10T08:45:36","slug":"inspectorii-de-munca-au-pus-tunurile-pe-companiile-din-domeniile-restaurante-si-curierat-care-angajeaza-la-negru-rezultatele-au-fost-peste-asteptari","status":"publish","type":"post","link":"https:\/\/247stiri.ro\/index.php\/2024\/12\/10\/inspectorii-de-munca-au-pus-tunurile-pe-companiile-din-domeniile-restaurante-si-curierat-care-angajeaza-la-negru-rezultatele-au-fost-peste-asteptari\/","title":{"rendered":"Inspectorii de munc\u0103 au pus tunurile pe companiile din domeniile Restaurante \u015fi Curierat care angajeaz\u0103 la negru. Rezultatele au fost peste a\u0219tept\u0103ri"},"content":{"rendered":"<p>\u00cen perioada 2 &#8211; 6 decembrie, au fost identificate, la peste 20 de agen\u0163i economici, 39 de persoane care desf\u0103\u015furau activit\u0103\u0163i \u00een cele dou\u0103 domenii f\u0103r\u0103 a avea \u00eencheiate \u00een form\u0103 scris\u0103 contracte individuale de munc\u0103, a\u015fa cum prevede Codul muncii, informeaz\u0103 ITM \u00eentr-un comunicat.<\/p>\n<p>Ca urmare a acestor situa\u0163ii, cei \u00een cauz\u0103 au fost amenda\u0163i cu suma total\u0103 de 400.000 de lei.&#8221;Controalele de acest gen se \u00eencadreaz\u0103 \u00een strategia de ac\u0163iune a Inspectoratului Teritorial de Munc\u0103 Bucure\u015fti privind combaterea muncii nedeclarate&#8221;, precizeaz\u0103 institu\u0163ia.Reprezentan\u0163ii ITM au ad\u0103ugat c\u0103 urm\u0103resc \u00een continuare modul de respectare a prevederilor legale \u015fi c\u0103 vor desf\u0103\u015fura ac\u0163iuni la nivelul Municipiului Bucure\u015fti, \u00een toate domeniile de activitate.\u00a0<\/p>\n<p><a title=\"Perchezitii DIICOT la Primaria Crevedia si la casa edilului. Acuzatii grave: exploatarea oamenilor prin munca si trafic de persoane\" href=\"https:\/\/www.realitatea.net\/stiri\/actual\/perchezitii-diicot-la-primaria-crevedia-si-la-casa-edilului-acuzatii-grave-exploatarea-oamenilor-prin-munca-si-trafic-de-persoane_6757e6d6dd9abe79f2363de2\">Perchezi\u021bii DIICOT la Prim\u0103ria Crevedia \u0219i la casa edilului. Acuza\u021bii grave: exploatarea oamenilor prin munc\u0103 \u0219i trafic de persoane<\/a><\/p>","protected":false},"excerpt":{"rendered":"<p>\u00cen perioada 2 &#8211; 6 decembrie, au fost identificate, la peste 20 de agen\u0163i economici,&hellip;<\/p>\n","protected":false},"author":0,"featured_media":15360,"comment_status":"open","ping_status":"open","sticky":false,"template":"","format":"standard","meta":{"footnotes":""},"categories":[2],"tags":[],"class_list":["post-15359","post","type-post","status-publish","format-standard","has-post-thumbnail","hentry","category-actual"],"_links":{"self":[{"href":"https:\/\/247stiri.ro\/index.php\/wp-json\/wp\/v2\/posts\/15359","targetHints":{"allow":["GET"]}}],"collection":[{"href":"https:\/\/247stiri.ro\/index.php\/wp-json\/wp\/v2\/posts"}],"about":[{"href":"https:\/\/247stiri.ro\/index.php\/wp-json\/wp\/v2\/types\/post"}],"replies":[{"embeddable":true,"href":"https:\/\/247stiri.ro\/index.php\/wp-json\/wp\/v2\/comments?post=15359"}],"version-history":[{"count":0,"href":"https:\/\/247stiri.ro\/index.php\/wp-json\/wp\/v2\/posts\/15359\/revisions"}],"wp:featuredmedia":[{"embeddable":true,"href":"https:\/\/247stiri.ro\/index.php\/wp-json\/wp\/v2\/media\/15360"}],"wp:attachment":[{"href":"https:\/\/247stiri.ro\/index.php\/wp-json\/wp\/v2\/media?parent=15359"}],"wp:term":[{"taxonomy":"category","embeddable":true,"href":"https:\/\/247stiri.ro\/index.php\/wp-json\/wp\/v2\/categories?post=15359"},{"taxonomy":"post_tag","embeddable":true,"href":"https:\/\/247stiri.ro\/index.php\/wp-json\/wp\/v2\/tags?post=15359"}],"curies":[{"name":"wp","href":"https:\/\/api.w.org\/{rel}","templated":true}]}}