{"id":15374,"date":"2024-12-10T09:44:48","date_gmt":"2024-12-10T09:44:48","guid":{"rendered":"https:\/\/247stiri.ro\/index.php\/2024\/12\/10\/cum-incearca-politicienii-sa-acapareze-valul-suvernist-surse-victor-ponta-vrea-sa-intre-in-cursa-pentru-cotroceni\/"},"modified":"2024-12-10T09:44:48","modified_gmt":"2024-12-10T09:44:48","slug":"cum-incearca-politicienii-sa-acapareze-valul-suvernist-surse-victor-ponta-vrea-sa-intre-in-cursa-pentru-cotroceni","status":"publish","type":"post","link":"https:\/\/247stiri.ro\/index.php\/2024\/12\/10\/cum-incearca-politicienii-sa-acapareze-valul-suvernist-surse-victor-ponta-vrea-sa-intre-in-cursa-pentru-cotroceni\/","title":{"rendered":"Cum \u00eencearc\u0103 politicienii s\u0103 acapareze valul suvernist. SURSE: Victor Ponta vrea s\u0103 intre \u00een cursa pentru Cotroceni"},"content":{"rendered":"<p>\u201eEu, de exemplu, nu o consider pe doamna Lasconi preg\u0103tit\u0103 \u0219i capabil\u0103 s\u0103 exercite o func\u021bie at\u00e2t de important\u0103. De asta n-am votat-o nici \u00een primul tur. Asta e p\u0103rerea mea \u0219i am dreptul la ea, c\u0103 a\u0219a e democratic. (&#8230;) \u00cen primul r\u00e2nd, respect decizia PSD, pentru c\u0103 am participat la luarea deciziei PSD anun\u021bat\u0103 ieri de Marcel Ciolacu, care a zis fiecare pesedist voteaz\u0103 cu cine crede el. Mi-e foarte clar acest lucru. \u00cen al doilea r\u00e2nd, pot s\u0103 v\u0103 spun \u00een acest moment cu cine nu votez. Nu o s\u0103 votez cu doamna Lasconi\u201d, a declarat Ponta la un post TV.\u00a0<\/p>","protected":false},"excerpt":{"rendered":"<p>\u201eEu, de exemplu, nu o consider pe doamna Lasconi preg\u0103tit\u0103 \u0219i capabil\u0103 s\u0103 exercite o&hellip;<\/p>\n","protected":false},"author":0,"featured_media":15375,"comment_status":"open","ping_status":"open","sticky":false,"template":"","format":"standard","meta":{"footnotes":""},"categories":[3],"tags":[],"class_list":["post-15374","post","type-post","status-publish","format-standard","has-post-thumbnail","hentry","category-politica"],"_links":{"self":[{"href":"https:\/\/247stiri.ro\/index.php\/wp-json\/wp\/v2\/posts\/15374","targetHints":{"allow":["GET"]}}],"collection":[{"href":"https:\/\/247stiri.ro\/index.php\/wp-json\/wp\/v2\/posts"}],"about":[{"href":"https:\/\/247stiri.ro\/index.php\/wp-json\/wp\/v2\/types\/post"}],"replies":[{"embeddable":true,"href":"https:\/\/247stiri.ro\/index.php\/wp-json\/wp\/v2\/comments?post=15374"}],"version-history":[{"count":0,"href":"https:\/\/247stiri.ro\/index.php\/wp-json\/wp\/v2\/posts\/15374\/revisions"}],"wp:featuredmedia":[{"embeddable":true,"href":"https:\/\/247stiri.ro\/index.php\/wp-json\/wp\/v2\/media\/15375"}],"wp:attachment":[{"href":"https:\/\/247stiri.ro\/index.php\/wp-json\/wp\/v2\/media?parent=15374"}],"wp:term":[{"taxonomy":"category","embeddable":true,"href":"https:\/\/247stiri.ro\/index.php\/wp-json\/wp\/v2\/categories?post=15374"},{"taxonomy":"post_tag","embeddable":true,"href":"https:\/\/247stiri.ro\/index.php\/wp-json\/wp\/v2\/tags?post=15374"}],"curies":[{"name":"wp","href":"https:\/\/api.w.org\/{rel}","templated":true}]}}