{"id":15379,"date":"2024-12-10T09:44:49","date_gmt":"2024-12-10T09:44:49","guid":{"rendered":"https:\/\/247stiri.ro\/index.php\/2024\/12\/10\/oamenii-de-stiinta-considera-ca-au-descoperit-data-exacta-a-nasterii-lui-iisus-si-spun-ca-nu-a-fost-pe-25-decembrie-i-hr\/"},"modified":"2024-12-10T09:44:49","modified_gmt":"2024-12-10T09:44:49","slug":"oamenii-de-stiinta-considera-ca-au-descoperit-data-exacta-a-nasterii-lui-iisus-si-spun-ca-nu-a-fost-pe-25-decembrie-i-hr","status":"publish","type":"post","link":"https:\/\/247stiri.ro\/index.php\/2024\/12\/10\/oamenii-de-stiinta-considera-ca-au-descoperit-data-exacta-a-nasterii-lui-iisus-si-spun-ca-nu-a-fost-pe-25-decembrie-i-hr\/","title":{"rendered":"Oamenii de \u0219tiin\u021b\u0103 consider\u0103 c\u0103 au descoperit data exact\u0103 a na\u0219terii lui Iisus &#8211; \u0219i spun c\u0103 nu a fost pe 25 decembrie \u00ee. Hr."},"content":{"rendered":"<p>\u00cen ultimele decenii, cercet\u0103rile \u0219tiin\u021bifice \u0219i istorice au adus la lumin\u0103 o serie de informa\u021bii surprinz\u0103toare despre via\u021ba \u0219i evenimentele cheie asociate cu figura emblematic\u0103 a lui Isus Hristos. Printre aceste descoperiri, o echip\u0103 de oameni de \u0219tiin\u021b\u0103 a reanalizat datele istorice \u0219i astrale, ajung\u00e2nd la concluzia c\u0103 data na\u0219terii lui Isus nu coincide cu celebrarea tradi\u021bional\u0103 din 25 decembrie.<\/p>\n<p>Exper\u021bii spun c\u0103 Isus ar putea fi semnificativ mai \u00een v\u00e2rst\u0103 dec\u00e2t s-ar a\u0219tepta majoritatea oamenilor, dat\u00e2nd na\u0219terea lui \u00eenc\u0103 din secolul I \u00ee.Hr.<\/p>\n<p><a title=\"Traditii de Sfantul Andrei. Sarbatoarea de care se leaga cele mai multe superstitii. Ce este INTERZIS sa faci in aceste zile\" href=\"https:\/\/www.realitatea.net\/stiri\/actual\/traditii-de-sfantul-andrei-sarbatoarea-de-care-se-leaga-cele-mai-multe-superstitii-ce-este-interzis-sa-faci-cu-aceasta-ocazie_67480373a5c8253038255a82\">Tradi\u021bii de Sf\u00e2ntul Andrei. S\u0103rb\u0103toarea de care se leag\u0103 cele mai multe supersti\u021bii. Ce este INTERZIS s\u0103 faci \u00een aceste zile<\/a><\/p>\n<p>Pe baza \u00eenregistr\u0103rilor astronomice antice, exper\u021bii sus\u021bin c\u0103 Isus s-a n\u0103scut probabil \u00een prim\u0103var\u0103. \u0218i, de\u0219i ar putea p\u0103rea \u0219ocant c\u0103 Hristos s-a n\u0103scut \u201e\u00eenainte de Hristos\u201d, confuzia poate fi urm\u0103rit\u0103 p\u00e2n\u0103 la o eroare clerical\u0103 veche de 1.500 de ani.<\/p>\n<p>Profesorul Lawrence Mykytiuk, de la Universitatea Purdue, a declarat pentru <a href=\"https:\/\/www.dailymail.co.uk\/sciencetech\/article-14157741\/Scientists-reveal-Jesus-birthday-date.html\" target=\"_blank\">MailOnline<\/a>: \u201eR\u0103m\u00e2ne un fapt umilitor c\u0103, \u00een ciuda diferitelor afirma\u021bii, nimeni \u00een vremurile moderne nu este cu adev\u0103rat sigur de anul exact al na\u0219terii lui Isus\u201d.<\/p>\n<p>Expertul se bazeaz\u0103 pe faptul c\u0103, pentru un om n\u0103scut \u00een clasa \u021b\u0103r\u0103neasc\u0103, \u00een acele vremuri, nu ar exista nicio \u00eenregistrare a na\u0219terii sale.<\/p>\n<p>Potrivit profesorului Mykytiuk, cea mai bun\u0103 dovad\u0103 pe care o avem pentru a ne da seama c\u00e2nd s-a n\u0103scut cu adev\u0103rat Iisus este s\u0103 rela\u021bion\u0103m via\u021ba lui cu personaje celebre care au l\u0103sat \u00een urm\u0103 o mul\u021bime de dovezi.<\/p>\n<p>O referin\u021b\u0103 cheie la care se refer\u0103 oamenii de \u0219tiin\u021b\u0103 este via\u021ba regelui Irod cel Mare al Iudeii, care a fost numit de Roma s\u0103 conduc\u0103 \u021binuturile, inclusiv Betleem \u0219i Ierusalim, \u00eencep\u00e2nd cu anul 37 \u00ee.Hr.<\/p>\n<p>Potrivit Bibliei, c\u00e2nd a auzit c\u0103 \u201eRegele evreilor\u201d era pe cale s\u0103 se nasc\u0103, Irod a hot\u0103r\u00e2t ca to\u021bi b\u0103ie\u021bii evrei sub doi ani s\u0103 fie uci\u0219i.<\/p>\n<p><a title=\"Calendarul complet al sarbatorilor legale in 2025. Cand ne vom putea bucura de libere anul viitor\" href=\"https:\/\/www.realitatea.net\/stiri\/actual\/calendarul-complet-al-sarbatorilor-legale-in-2025-cand-ne-vom-putea-bucura-de-libere-anul-viitor_67433b11459da9232052dc62\">Calendarul complet al s\u0103rb\u0103torilor legale \u00een 2025. C\u00e2nd ne vom putea bucura de libere anul viitor<\/a><\/p>\n<p>Dac\u0103 acest lucru este adev\u0103rat, atunci Isus trebuie s\u0103 se fi n\u0103scut cu cel pu\u021bin doi ani \u00eenainte de moartea regelui Irod.<\/p>\n<p>Din fericire pentru noi, exist\u0103 o mul\u021bime de surse contemporane care ofer\u0103 dovezi despre via\u021ba \u0219i moartea regelui Irod, cum ar fi vastele \u201eAntichit\u0103\u021bi evreie\u0219ti\u201d ale istoricului evreu Flavius \u200b\u200bJosephus, care a fost scris\u0103 la doar 60 de ani dup\u0103 moartea lui Isus.<\/p>\n<p>\u00cen mod critic, Josephus ne spune c\u0103 a existat o eclips\u0103 de lun\u0103 cu pu\u021bin timp \u00eenainte de moartea lui Irod.\u00a0Aceasta s-ar putea referi la patru date posibile: 15 septembrie 5 \u00ee.Hr., 13 martie 4 \u00ee.Hr., 10 ianuarie 1 \u00ee.Hr. \u0219i 29 decembrie 1 \u00ee.Hr.<\/p>\n<p>\u201eIosif ne spune \u0219i \u00een dou\u0103 locuri c\u0103 Pa\u0219tele evreiesc a avut loc la scurt timp dup\u0103 moartea lui Irod cel Mare. Pentru c\u0103 Pa\u0219tele se s\u0103rb\u0103tore\u0219te prim\u0103vara; Septembrie, ianuarie \u0219i decembrie sunt excluse\u201d, spune profesorul Mikytiuk.<\/p>\n<p>Aceasta ne spune c\u0103 regele Irod trebuie s\u0103 fi murit la scurt timp dup\u0103 13 martie 4 \u00ee.Hr.<\/p>\n<p>Pe baza acestui calcul, majoritatea cercet\u0103torilor dateaz\u0103 anul na\u0219terii lui Iisus \u00een jurul anilor 4-6 \u00ee.Hr., ceea ce ar \u00eensemna c\u0103, de fapt, am putea tr\u0103i \u00een anul 2029 \u00ee.Hr (aproximativ).<\/p>\n<p>Data na\u0219terii lui Iisus, pus\u0103 sub semnul \u00eentreb\u0103rii<\/p>\n<p>Prima referire real\u0103 la 25 decembrie ca data na\u0219terii lui Isus apare la mijlocul secolului al IV-lea d.Hr. \u00eentr-un almanah roman care enumer\u0103 datele mor\u021bii diver\u0219ilor martiri cre\u0219tini.<\/p>\n<p>Cu toate acestea, cei mai mul\u021bi cercet\u0103tori sunt de acord c\u0103 aceast\u0103 dat\u0103 probabil nu are nicio leg\u0103tur\u0103 cu ziua real\u0103 a na\u0219terii lui Isus.<\/p>\n<p><a title='Biserica Ortodoxa intervine in scandalul politic din Romania: ,,Respingem ferm orice forma de manifestare care incita la dezbinare si ura\"' href=\"https:\/\/www.realitatea.net\/stiri\/actual\/biserica-ortodoxa-intervine-in-scandalul-politic-din-romania-respingem-ferm-orice-forma-de-manifestare-care-incita-la-dezbinare-si-ura_6748bf5ff42760205820225a\">Biserica Ortodox\u0103 intervine \u00een scandalul politic din Rom\u00e2nia: \u201eRespingem ferm orice form\u0103 de manifestare care incit\u0103 la dezbinare \u0219i ur\u0103\u201d<\/a><\/p>\n<p>\u201eEste cel mai pu\u021bin probabil ca Isus s\u0103 se fi n\u0103scut \u00een vreo zi a lunii decembrie, cu at\u00e2t mai pu\u021bin \u00een 25 decembrie, pentru c\u0103 \u201eerau p\u0103stori care tr\u0103iau pe c\u00e2mp, care \u00ee\u0219i p\u0103zeau turmele noaptea\u201d, spune profesorul Mykytiuk.<\/p>\n<p>\u201e\u00cen timpul iernii, ciobanii \u021bineau oile \u00een st\u00e2n\u0103 pentru a se proteja pe ei \u00een\u0219i\u0219i \u0219i oile lor de intemperii\u201d.<\/p>\n<p>Un alt punct cheie este c\u0103 iarba cu care se hr\u0103neau oile era cea mai abundent\u0103 \u00een martie, \u00eenainte de a fi p\u00e2rjolit\u0103 de c\u0103ldura soarelui.<\/p>\n<p>\u201eAcest fapt de iarb\u0103 abundent\u0103 \u00een martie se potrive\u0219te cu eclipsa de lun\u0103 care a avut loc cu pu\u021bin timp \u00eenainte de moartea lui Irod cel Mare\u201d, spune profesorul Mykytiuk.<\/p>\n<p>\u201eCea mai restr\u00e2ns\u0103 dat\u0103 la care se poate ajunge cu \u00eencredere pentru na\u0219terea lui Isus pare s\u0103 fie luna martie, \u00een anii 6, 5 sau 4 \u00ee.Hr.\u201d.<\/p>\n<p>\u00cen c\u0103utarea unui r\u0103spuns mai precis, unii savan\u021bi au urmat exemplul celor trei magi \u0219i au privit spre stele. \u00cen Evanghelia dup\u0103 Matei, cei trei Magi \u00cel caut\u0103 pe Isus urm\u00e2nd \u201esteaua Lui \u00een R\u0103s\u0103rit\u201d.<\/p>\n<p>Mul\u021bumit\u0103 \u00eenregistr\u0103rilor atente ale astronomilor chinezi asupra cerului nop\u021bii, avem o mul\u021bime de indicii pentru ceea ce ar putea fi aceast\u0103 stea.<\/p>\n<p>\u00cen anul 5 \u00ee.Hr., astronomii din dinastia Han au \u00eenregistrat trecerea unei \u201estele m\u0103tur\u0103\u201d care a parcurs cerul timp de 70 de zile.<\/p>\n<p>De\u0219i cometei nu i-a fost atribuit un nume exact, profesorul Colin Humphreys, un fizician de la Universitatea din Cambridge, crede c\u0103 aceasta a fost Steaua din Bethleem.<\/p>\n<p>\u201eConform \u00eenregistr\u0103rilor chineze, steaua a ap\u0103rut \u00een prim\u0103vara anului 5 \u00ee.Hr., \u00een concordan\u021b\u0103 cu Evanghelia dup\u0103 Luca, spun\u00e2nd c\u0103 erau p\u0103stori afar\u0103 pe c\u00e2mp, care \u00ee\u0219i priveau oile noaptea, a\u0219a cum fac prim\u0103vara. Orice comet\u0103 care este vizibil\u0103 cu ochiul liber timp de peste 70 de zile trebuie s\u0103 fie foarte str\u0103lucitoare, nu am v\u0103zut o comet\u0103 luminoas\u0103 ca aceasta \u00een timpul vie\u021bii noastre\u201d, a declarat profesorul Humphreys.<\/p>\n<p>Biblia \u00eei descrie pe \u00een\u021belep\u021bi drept \u201eMagi\u201d, cuv\u00e2ntul antic pentru astronomii care ar fi fost mult mai interesa\u021bi de mi\u0219carea planetelor dec\u00e2t de trecerea stelelor c\u0103z\u0103toare sau a cometelor.<\/p>\n<p>La momentul na\u0219terii lui Isus, acum aproximativ 2.000 de ani, una dintre principalele teorii \u0219tiin\u021bifice ale vremii era ideea c\u0103 mi\u0219carea planetelor ar putea fi folosit\u0103 pentru a prezice evenimentele de pe P\u0103m\u00e2nt.<\/p>\n<p>Jupiter, \u00een special, a fost asociat cu regalitatea, a\u0219a c\u0103 orice evenimente rare asociate cu planeta ar fi putut fi declan\u0219atorul c\u0103ut\u0103rii magilor pentru un nou rege.<\/p>\n<p><a title=\"Parintele Cleopa a dezvaluit cele 14 reguli ce trebuie respectate inainte de te duce la Biserica. Altfel este OSANDA\" href=\"https:\/\/www.realitatea.net\/stiri\/lifestyle\/parintele-cleopa-dezvaluit-cele-14-reguli-ce-trebuie-respectate-inainte-de-te-duce-la-biserica-altfel-este-osanda_673cb8df42c8642f02586a5a\">P\u0103rintele Cleopa a dezv\u0103luit cele 14 reguli ce trebuie respectate \u00eenainte de te duce la Biseric\u0103. Altfel este OS\u00c2ND\u0102<\/a><\/p>\n<p>Dup\u0103 cum se \u00eent\u00e2mpl\u0103, \u00een anul 6 \u00ee.Hr. a avut loc un eveniment astronomic extrem de rar numit tripl\u0103 conjunc\u021bie. \u00cen timpul acestui eveniment, Jupiter \u0219i Saturn s-ar fi apropiat pe cer de trei ori \u00eentr-o perioad\u0103 foarte scurt\u0103.<\/p>\n<p>Cel mai important, pe 17 aprilie, Jupiter ar fi r\u0103s\u0103rit \u00eenaintea soarelui \u00eentr-un eveniment numit r\u0103s\u0103rire heliac\u0103 \u00eenainte de a trece \u00een spatele Lunii.\u00a0 Istoricul american Michael Molnar sugereaz\u0103 c\u0103 acest lucru ar fi fost v\u0103zut ca un semn deosebit de de bun augur, poate vestind o na\u0219tere regal\u0103.<\/p>\n<p>Dac\u0103 relatarea biblic\u0103 despre Steaua din Betleem este corect\u0103, atunci aceasta ar putea data na\u0219terea lui Isus \u00een prim\u0103vara anului 7 \u00ee.Hr.<\/p>\n<p>Deci, fie c\u0103 a fost o comet\u0103 \u00een vizit\u0103 sau o aliniere planetar\u0103 rar\u0103, toate dovezile arat\u0103 c\u0103 prim\u0103vara, mai degrab\u0103 dec\u00e2t iarna, este cel mai probabil data na\u0219terii lui Isus.<\/p>\n<p><a title=\"Cum trebuie sa ne comportam la biserica. Ce trebuie sa facem cand intram in sfantul locas. Multa lume nu stie asta\" href=\"https:\/\/www.realitatea.net\/stiri\/actual\/cum-trebuie-sa-ne-comportam-la-biserica-ce-trebuie-sa-facem-cand-intram-in-sfantul-locas-multa-lume-nu-stie-asta_673da9212a641c0c2e0a2772\">Cum trebuie s\u0103 ne comport\u0103m la biseric\u0103. Ce trebuie s\u0103 facem c\u00e2nd intr\u0103m \u00een sf\u00e2ntul loca\u0219. Mult\u0103 lume nu \u0219tie asta<\/a><\/p>","protected":false},"excerpt":{"rendered":"<p>\u00cen ultimele decenii, cercet\u0103rile \u0219tiin\u021bifice \u0219i istorice au adus la lumin\u0103 o serie de informa\u021bii&hellip;<\/p>\n","protected":false},"author":0,"featured_media":15369,"comment_status":"open","ping_status":"open","sticky":false,"template":"","format":"standard","meta":{"footnotes":""},"categories":[2],"tags":[],"class_list":["post-15379","post","type-post","status-publish","format-standard","has-post-thumbnail","hentry","category-actual"],"_links":{"self":[{"href":"https:\/\/247stiri.ro\/index.php\/wp-json\/wp\/v2\/posts\/15379","targetHints":{"allow":["GET"]}}],"collection":[{"href":"https:\/\/247stiri.ro\/index.php\/wp-json\/wp\/v2\/posts"}],"about":[{"href":"https:\/\/247stiri.ro\/index.php\/wp-json\/wp\/v2\/types\/post"}],"replies":[{"embeddable":true,"href":"https:\/\/247stiri.ro\/index.php\/wp-json\/wp\/v2\/comments?post=15379"}],"version-history":[{"count":0,"href":"https:\/\/247stiri.ro\/index.php\/wp-json\/wp\/v2\/posts\/15379\/revisions"}],"wp:featuredmedia":[{"embeddable":true,"href":"https:\/\/247stiri.ro\/index.php\/wp-json\/wp\/v2\/media\/15369"}],"wp:attachment":[{"href":"https:\/\/247stiri.ro\/index.php\/wp-json\/wp\/v2\/media?parent=15379"}],"wp:term":[{"taxonomy":"category","embeddable":true,"href":"https:\/\/247stiri.ro\/index.php\/wp-json\/wp\/v2\/categories?post=15379"},{"taxonomy":"post_tag","embeddable":true,"href":"https:\/\/247stiri.ro\/index.php\/wp-json\/wp\/v2\/tags?post=15379"}],"curies":[{"name":"wp","href":"https:\/\/api.w.org\/{rel}","templated":true}]}}