{"id":15391,"date":"2024-12-10T10:45:24","date_gmt":"2024-12-10T10:45:24","guid":{"rendered":"https:\/\/247stiri.ro\/index.php\/2024\/12\/10\/anaf-investigheaza-aspectele-fiscale-ale-promovarii-candidatului-calin-georgescu-persoane-fizice-si-juridice-vizate-de-ancheta\/"},"modified":"2024-12-10T10:45:24","modified_gmt":"2024-12-10T10:45:24","slug":"anaf-investigheaza-aspectele-fiscale-ale-promovarii-candidatului-calin-georgescu-persoane-fizice-si-juridice-vizate-de-ancheta","status":"publish","type":"post","link":"https:\/\/247stiri.ro\/index.php\/2024\/12\/10\/anaf-investigheaza-aspectele-fiscale-ale-promovarii-candidatului-calin-georgescu-persoane-fizice-si-juridice-vizate-de-ancheta\/","title":{"rendered":"ANAF investigheaz\u0103 aspectele fiscale ale promov\u0103rii candidatului C\u0103lin Georgescu. Persoane fizice \u0219i juridice, vizate de anchet\u0103"},"content":{"rendered":"<p>\u201eV\u0103 aducem la cuno\u0219tin\u021b\u0103 faptul c\u0103 ANAF a fost sesizat\u0103 de c\u0103tre Autoritatea Electoral\u0103 Permanent\u0103 (AEP) cu privire la activitatea unor persoane fizice sau juridice \u00een leg\u0103tur\u0103 cu aspectele fiscale privind promovarea candidatului men\u021bionat.<\/p>\n<p>\u00cen acest context, v\u0103 comunic\u0103m c\u0103, prin structurile specializate, ANAF desf\u0103\u0219oar\u0103 activitate de control \u00een baza unor analize de risc, necesare \u00een procesul prevenirii, combaterii \u0219i descoperirii faptelor de evaziune \u0219i fraud\u0103 fiscal\u0103.<\/p>\n<p>Astfel, solicitarea \u0219i informa\u021biile primite de la AEP sunt valorificate \u00een cadrul analizelor de risc \u0219i a verific\u0103rilor efectuate, iar num\u0103rul persoanelor implicate se modific\u0103 \u00een func\u021bie de noile informa\u021bii ob\u021binute&#8221;, a transmis ast\u0103zi ANAF, pentru <a href=\"https:\/\/www.profit.ro\/taxe-si-consultanta\/anaf-verifica-persoane-fizice-si-juridice-in-legatura-cu-aspectele-fiscale-privind-promovarea-lui-calin-georgescu-in-urma-notificarii-primite-de-la-aep-21863698\" target=\"_blank\">Profit.ro<\/a>.<\/p>\n<p>Pre\u0219edintele AEP, Toni Grebl\u0103, a anun\u021bat, la finalul lunii noiembrie, dup\u0103 primul tur al alegerilor preziden\u021biale, c\u0103 AEP a transmis sesiz\u0103ri c\u0103tre Parchet \u0219i Poli\u021bie privind activit\u0103\u021bile candidatului C\u0103lin Georgescu \u00een campanie \u0219i posibile \u00eenc\u0103lc\u0103ri ale legisla\u021biei electorale.<\/p>\n<p>De asemenea, AEP a solicitat ajutorul ANAF pentru a verifica posibile pl\u0103\u021bi ilegale pentru promovarea, prin influenceri, a mesajelor politice ale candidatului, a anun\u021bat, la momentul respectiv, \u0219eful AEP.<\/p>","protected":false},"excerpt":{"rendered":"<p>\u201eV\u0103 aducem la cuno\u0219tin\u021b\u0103 faptul c\u0103 ANAF a fost sesizat\u0103 de c\u0103tre Autoritatea Electoral\u0103 Permanent\u0103&hellip;<\/p>\n","protected":false},"author":0,"featured_media":15392,"comment_status":"open","ping_status":"open","sticky":false,"template":"","format":"standard","meta":{"footnotes":""},"categories":[3],"tags":[],"class_list":["post-15391","post","type-post","status-publish","format-standard","has-post-thumbnail","hentry","category-politica"],"_links":{"self":[{"href":"https:\/\/247stiri.ro\/index.php\/wp-json\/wp\/v2\/posts\/15391","targetHints":{"allow":["GET"]}}],"collection":[{"href":"https:\/\/247stiri.ro\/index.php\/wp-json\/wp\/v2\/posts"}],"about":[{"href":"https:\/\/247stiri.ro\/index.php\/wp-json\/wp\/v2\/types\/post"}],"replies":[{"embeddable":true,"href":"https:\/\/247stiri.ro\/index.php\/wp-json\/wp\/v2\/comments?post=15391"}],"version-history":[{"count":0,"href":"https:\/\/247stiri.ro\/index.php\/wp-json\/wp\/v2\/posts\/15391\/revisions"}],"wp:featuredmedia":[{"embeddable":true,"href":"https:\/\/247stiri.ro\/index.php\/wp-json\/wp\/v2\/media\/15392"}],"wp:attachment":[{"href":"https:\/\/247stiri.ro\/index.php\/wp-json\/wp\/v2\/media?parent=15391"}],"wp:term":[{"taxonomy":"category","embeddable":true,"href":"https:\/\/247stiri.ro\/index.php\/wp-json\/wp\/v2\/categories?post=15391"},{"taxonomy":"post_tag","embeddable":true,"href":"https:\/\/247stiri.ro\/index.php\/wp-json\/wp\/v2\/tags?post=15391"}],"curies":[{"name":"wp","href":"https:\/\/api.w.org\/{rel}","templated":true}]}}