{"id":15393,"date":"2024-12-10T10:45:25","date_gmt":"2024-12-10T10:45:25","guid":{"rendered":"https:\/\/247stiri.ro\/index.php\/2024\/12\/10\/horatiu-potra-certat-serios-cu-legea-dosarele-cheie-in-care-a-fost-cercetat-de-la-acuzatii-de-trafic-de-droguri-si-pana-la-amenintari-la-adresa-unui-fost-sef-romgaz\/"},"modified":"2024-12-10T10:45:25","modified_gmt":"2024-12-10T10:45:25","slug":"horatiu-potra-certat-serios-cu-legea-dosarele-cheie-in-care-a-fost-cercetat-de-la-acuzatii-de-trafic-de-droguri-si-pana-la-amenintari-la-adresa-unui-fost-sef-romgaz","status":"publish","type":"post","link":"https:\/\/247stiri.ro\/index.php\/2024\/12\/10\/horatiu-potra-certat-serios-cu-legea-dosarele-cheie-in-care-a-fost-cercetat-de-la-acuzatii-de-trafic-de-droguri-si-pana-la-amenintari-la-adresa-unui-fost-sef-romgaz\/","title":{"rendered":"Hora\u021biu Potra, certat serios cu legea! Dosarele cheie \u00een care a fost cercetat: de la acuza\u021bii de trafic de droguri \u0219i p\u00e2n\u0103 la amenin\u021b\u0103ri la adresa unui fost \u0219ef Romgaz"},"content":{"rendered":"<p>Dup\u0103 ce \u0219i-a \u00eencheiat activitatea de lupt\u0103tor \u00een Legiunea Str\u0103in\u0103 Francez\u0103, Hora\u021biu Potra a revenit \u00een \u021bar\u0103, unde s-a apucat de afaceri. \u00centr-o prim\u0103 faz\u0103, acesta a devenit proprietarul unei ferme zootehnice din Media\u0219, dar \u0219i a unui local din ora\u0219.\u00a0<\/p>\n<p>Ambele afaceri au intrat rapid \u00een aten\u021bia oamenilor legii. \u00cen 2010, \u00een zona Media\u0219 se r\u0103sp\u00e2ndise informa\u021bia c\u0103 la ferma fostului lupt\u0103tor al Legiunii Str\u0103ine Franceze se cultiv\u0103 cannabis. Procurorii DIICOT, care au deschis o anchet\u0103, au sus\u021binut c\u0103 la local acestuia erau v\u00e2ndute droguri prin intermediul unuia dintre angaja\u021bii s\u0103i. Intercept\u0103rile confirm\u0103 c\u0103 cei supranumi\u021bi \u201dlocotenen\u021bii\u201d lui Potra vindeau droguri. \u00cen convorbirile telefonice interceptate referirile la cannabis n u se f\u0103ceau, \u00een mod evident, direct, ci se folosea un limbaj codificat. Cei implica\u021bi \u00een re\u021bea se refereau la drog folosind cuvinte precum \u201cgloan\u0163e\u201d, \u201cmuni\u0163ie\u201d sau \u201dcozonac\u201d.\u00a0<\/p>\n<p>Datele din dosar arat\u0103 \u0219i c\u0103 membrii grup\u0103rii lui Potra au avut o c\u00e2rti\u021b\u0103 \u00een sistem, care i-a avertizat c\u0103 sunt viza\u021bi de o anchet\u0103 DIICOT.<\/p>\n<p>\u201cVezi c\u0103 \u0163i-am \u0163inut \u015fi \u0163ie dou\u0103 felii de cozonac\u2026\u201d;\u00a0<\/p>\n<p>\u201c\u2026Vreau s\u0103 \u00eemi dai \u015fi mie unu, dou\u0103 de-alea c\u0103-\u0163i pl\u0103tesc c\u00e2t\u2026cum \u00eei la tine, nu cum \u00ee\u0163i dau io\u2026\u201d\u00a0<\/p>\n<p>\u201cAm vorbit cu ni\u015fte oameni de acolo de la D.I.I.C.O.T., nu mai vorbesc prin telefon acum, \u015ftii?\u2026\u201d, se arat\u0103 \u00eentr-un extras din intercept\u0103rile \u00eentre membrii grup\u0103rii Potra.<\/p>\n<p>C\u00e2nd a aflat c\u0103 este anchetat, Potra ar fi luat m\u0103suri urgente, mai exact ar fi ars cultura clandestin\u0103 de cannabis. Scurgerea de informa\u021bii a f\u0103cut posibil ca la momentul perchezi\u021biilor la ferma lui Hora\u021biu Potra s\u0103 nu mai fie g\u0103site dec\u00e2t resturi vegetale arse.<\/p>\n<p>Mai mult, acesta \u0219i-a preg\u0103tit \u0219i o strategie de ap\u0103rare. \u00cen fa\u021ba instan\u021bei acesta a declarat c\u0103, de fapt, cet\u0103\u021beanul olandez c\u0103ruia \u00eei \u00eenchiriase ferma \u00een 2009 a cultivat planta\u021bia de cannabis f\u0103r\u0103 \u0219tirea sa, iar c\u00e2nd a aflat a \u00eentrerupt imediat colaborarea cu el \u0219i a distrus respectiva cultur\u0103, d\u00e2ndu-i foc.\u00a0<\/p>\n<p>Judec\u0103torii de la Tribunalul Sibiu \u0219i cei de la Curtea de Apel Alba Iulia i-au dat crezare lui\u00a0 Potra \u0219i au decis achitarea acestuia pentru trafic de droguri. Cet\u0103\u021beanul olandez, audiat de judec\u0103torii rom\u00e2ni prin comisie rogatorie, a negat c\u0103 ar fi plantat cannabis c\u00e2t timp s-a aflat \u00een Rom\u00e2nia sau c\u0103 ar fi v\u00e2ndut droguri.\u00a0<\/p>\n<p>Hora\u021biu Potra a fost condamnat, \u00een schimb, la 2 ani \u0219i 8 luni \u00eenchisoare cu suspendare pentru nerespectarea regimului armelor \u0219i muni\u021biilor asta dup\u0103 ce &#8211; la perchezi\u021biile domiciliare din toamna anului 2010 &#8211; au fost g\u0103site trei arme militare cu glon\u021b, 149 de cartu\u0219e, dou\u0103 grenade, un pistol cu aer comprimat. \u00a0<\/p>\n<p>La vremea respectiv\u0103, Hora\u021biu Potra nu figura \u00een Registrul Na\u0163ional al Armelor ca fiind de\u0163in\u0103tor de arme \u015fi muni\u0163ii. \u00cen instan\u021b\u0103, avocatul s\u0103u a depus un \u00eenscris care atesta c\u0103 \u201dHora\u021biu Potra este ultra calificat pentru de\u021binerea \u015fi utilizarea armelor\u201d.\u00a0<\/p>\n<p>\u201eInculpatul este o persoan\u0103 inteligent\u0103, a intrat la facultatea de Electrotehnic\u0103 \u00een perioada c\u00e2nd pu\u0163ini reu\u015feau, a stat \u00een Legiunea str\u0103in\u0103, a fost gard\u0103 de corp pentru prin\u0163ul Qatarului, iar c\u00e2nd prin\u0163ul a efectuat o vizit\u0103 \u00een Rom\u00e2nia, inculpatul Potra Hora\u021biu a primit drept de port arm\u0103\u201d, a pledat avocatul fostului lupt\u0103tor \u00een instan\u021b\u0103.\u00a0<\/p>\n<p>Condamnarea lui Potra a r\u0103mas definitiv\u0103 \u00een anul 2011, \u00eens\u0103 \u0219ase ani mai t\u00e2rziu, pe 28 decembrie 2017 a ob\u021binut reabilitarea.\u00a0<\/p>\n<p>De parc\u0103 asta nu ar fi tot, ceilal\u021bi inculpa\u021bi din dosar, acuza\u021bi de trafic de droguri \u0219i de\u021binere \u00een vederea consumului, au primit pedepse cu suspendare, cuprinse \u00eentre 2 \u0219i 3 ani.<\/p>\n<p>La Curtea de Apel Alba Iulia, procurorul DIICOT a cerut pedepse cu executarea, invoc\u00e2nd gravitatea faptelor dar \u0219i c\u0103 Hora\u021biu Potra \u201ea \u00eencercat s\u0103 preconstituie \u00eenscrisuri pe parcursul procesului penal care s\u0103-l disculpe\u201d. \u00a0<\/p>\n<p>C\u00e2\u021biva ani mai t\u00e2rziu, respectiv \u00een 2020, Hora\u021biu Potra a fost trimis \u00een judecat\u0103 \u00eentr-un al doilea dosar, cel \u00een care a fost acuzat c\u0103 l-a amenin\u021bat pe directorul Romgaz, Adrian Volintiru.<\/p>\n<p>\u00a0\u201dBun\u0103 ziua domnul Director, v\u0103 dorim noroc \u00een afaceri c\u00e2t \u0219i pe postul ocupat politic. Ai uitat regula, c\u00e2nd tr\u0103ie\u0219ti bine, trebuie s\u0103 \u00eenapoiezi ceva. Nu respec\u021bi ce promi\u021bi, ai uitat cine te-a pus acolo. O s\u0103-\u021bi aducem aminte rapid! Sper\u0103m c\u0103-\u021bi place p\u0103durea din Bazna sau Bl\u0103jel la fel cum \u00ee\u021bi plac femeile. O s\u0103 facem o plimbare s\u0103 te familiarizezi, sunt locuri ascunse greu de accesat! Fii \u00een\u021belept, profit\u0103 de piscina hotelului vecin Expro \u0219i nu ne pune s\u0103 ne deplas\u0103m \u00een Transilvania c\u0103-i de r\u0103u pentru tine \u0219i cei dragi! Succes!\u201d, a fost SMS-ul trimis de Potra directorului Volintiru. Lucrurile nu s-au oprit \u00eens\u0103 aici. Potra\u00a0l-ar fi sunat de dou\u0103 ori, avertiz\u00e2ndu-l c\u0103 va ajunge la el.\u00a0<\/p>\n<p>Din informa\u021biile existente, directorul Romgaz ar fi sesizat Serviciul Grupuri Infrac\u021bionale Violente din cadrul Poli\u021biei Capitalei, iar dosarul instrumentat de Parchetul Judec\u0103toriei Sectorului 1 a fost trimis \u00een judecat\u0103 \u00een august 2020.<\/p>","protected":false},"excerpt":{"rendered":"<p>Dup\u0103 ce \u0219i-a \u00eencheiat activitatea de lupt\u0103tor \u00een Legiunea Str\u0103in\u0103 Francez\u0103, Hora\u021biu Potra a revenit&hellip;<\/p>\n","protected":false},"author":0,"featured_media":15394,"comment_status":"open","ping_status":"open","sticky":false,"template":"","format":"standard","meta":{"footnotes":""},"categories":[2],"tags":[],"class_list":["post-15393","post","type-post","status-publish","format-standard","has-post-thumbnail","hentry","category-actual"],"_links":{"self":[{"href":"https:\/\/247stiri.ro\/index.php\/wp-json\/wp\/v2\/posts\/15393","targetHints":{"allow":["GET"]}}],"collection":[{"href":"https:\/\/247stiri.ro\/index.php\/wp-json\/wp\/v2\/posts"}],"about":[{"href":"https:\/\/247stiri.ro\/index.php\/wp-json\/wp\/v2\/types\/post"}],"replies":[{"embeddable":true,"href":"https:\/\/247stiri.ro\/index.php\/wp-json\/wp\/v2\/comments?post=15393"}],"version-history":[{"count":0,"href":"https:\/\/247stiri.ro\/index.php\/wp-json\/wp\/v2\/posts\/15393\/revisions"}],"wp:featuredmedia":[{"embeddable":true,"href":"https:\/\/247stiri.ro\/index.php\/wp-json\/wp\/v2\/media\/15394"}],"wp:attachment":[{"href":"https:\/\/247stiri.ro\/index.php\/wp-json\/wp\/v2\/media?parent=15393"}],"wp:term":[{"taxonomy":"category","embeddable":true,"href":"https:\/\/247stiri.ro\/index.php\/wp-json\/wp\/v2\/categories?post=15393"},{"taxonomy":"post_tag","embeddable":true,"href":"https:\/\/247stiri.ro\/index.php\/wp-json\/wp\/v2\/tags?post=15393"}],"curies":[{"name":"wp","href":"https:\/\/api.w.org\/{rel}","templated":true}]}}