{"id":15408,"date":"2024-12-10T11:51:14","date_gmt":"2024-12-10T11:51:14","guid":{"rendered":"https:\/\/247stiri.ro\/index.php\/2024\/12\/10\/de-ce-s-a-deplasat-conducerea-sie-la-baku-institutia-a-venit-cu-explicatii-in-urma-speculatiilor-din-presa\/"},"modified":"2024-12-10T11:51:14","modified_gmt":"2024-12-10T11:51:14","slug":"de-ce-s-a-deplasat-conducerea-sie-la-baku-institutia-a-venit-cu-explicatii-in-urma-speculatiilor-din-presa","status":"publish","type":"post","link":"https:\/\/247stiri.ro\/index.php\/2024\/12\/10\/de-ce-s-a-deplasat-conducerea-sie-la-baku-institutia-a-venit-cu-explicatii-in-urma-speculatiilor-din-presa\/","title":{"rendered":"De ce s-a deplasat conducerea SIE la Baku? Institu\u021bia a venit cu explica\u021bii, \u00een urma specula\u021biilor din pres\u0103"},"content":{"rendered":"<p>\u00cen contextul unor specula\u021bii care au sugetar c\u0103 aceste vizite s-ar fi realizat \u00een scopuri private, SIE a subliniat c\u0103 participarea la Baku Security Forum a fost o misiune oficial\u0103, destinat\u0103 discu\u021biilor pe teme de securitate regional\u0103 \u0219i global\u0103, \u0219i nu un pretext pentru activit\u0103\u021bi personale.<\/p>\n<p>De asemenea, SIE a dorit s\u0103 fac\u0103 distinc\u021bia \u00eentre misiunile oficiale \u0219i cele private, detaliind natura deplas\u0103rilor \u0219i motivul invita\u021biilor primite de la gazde, \u00een \u00eencercarea de a asigura o informare corect\u0103 \u0219i transparent\u0103 a opiniei publice.<\/p>\n<p>\u201dFa\u021b\u0103 de informa\u021biile preluate \u0219i vehiculate \u00een spa\u021biul public, ce induc \u00een mod gre\u0219it ideea c\u0103 deplasarea Conducerii Serviciului de Informa\u021bii Externe la Baku s-a realizat \u00een interes privat, pentru corecta informare a opiniei publice, preciz\u0103m c\u0103 delega\u021bia SIE a realizat deplasarea \u00een cadrul unei misiuni externe, la invita\u021bia omologilor azeri pentru a participa la Baku Security Forum, eveniment ce a reunit delega\u021bii din peste 50 de \u021b\u0103ri. Evenimentul a reprezentat o bun\u0103 oportunitate pentru delega\u021bia SIE de a discuta \u00een format bilateral \u0219i multilateral subiecte privind securitatea regional\u0103 \u0219i global\u0103. Detalii cu privire la misiunile externe ale Serviciului \u0219i personalul participant nu pot fi comunicate, av\u00e2nd \u00een vedere prevederile legale indicate \u00een r\u0103spunsul la solicitarea de pres\u0103 ini\u021bial\u0103, care a vizat perioada ianuarie 2020 \u2013 prezent.<\/p>\n<p>Totodat\u0103, lu\u00e2nd act de interesul public manifestat fa\u021b\u0103 de participarea la Marele Premiu de Formula 1 de la Baku, facem precizarea c\u0103 aceasta s-a realizat prin grija gazdelor care au invitat delega\u021biile la eveniment.<\/p>\n<p>Referitor la prezen\u021ba Directorului SIE la Abu Dhabi preciz\u0103m c\u0103, aceasta a fost o misiune extern\u0103, deplasarea s-a efectuat cu un avion de linie, iar participarea la curs\u0103 a avut loc la invita\u021bia gazdelor.<\/p>\n<p>\u00cen ceea ce prive\u0219te participarea la Marele Premiu al Italiei, aceasta a fost o deplasare privat\u0103, efectuat\u0103 cu avion de linie, costurile aferente fiind suportate personal\u201d, arat\u0103 comunicatul de pres\u0103 transmis de SIE.<\/p>\n<p><a title=\"Un fost prim-adjunct al SIE si candidat la prezidentiale a fost angajat la Securitate! DOCUMENTUL-BOMBA care il compromite\" href=\"https:\/\/www.realitatea.net\/stiri\/actual\/un-fost-primadjunct-al-sie-si-candidat-la-prezidentiale-a-fostangajat-la-securitate-documentulbomba-care-il-compromite_6710c45f9574f7137d61e242\">Un fost prim-adjunct al SIE \u0219i candidat la preziden\u021biale a fost angajat la Securitate! DOCUMENTUL-BOMB\u0102 care \u00eel compromite<\/a><\/p>","protected":false},"excerpt":{"rendered":"<p>\u00cen contextul unor specula\u021bii care au sugetar c\u0103 aceste vizite s-ar fi realizat \u00een scopuri&hellip;<\/p>\n","protected":false},"author":0,"featured_media":15409,"comment_status":"open","ping_status":"open","sticky":false,"template":"","format":"standard","meta":{"footnotes":""},"categories":[2],"tags":[],"class_list":["post-15408","post","type-post","status-publish","format-standard","has-post-thumbnail","hentry","category-actual"],"_links":{"self":[{"href":"https:\/\/247stiri.ro\/index.php\/wp-json\/wp\/v2\/posts\/15408","targetHints":{"allow":["GET"]}}],"collection":[{"href":"https:\/\/247stiri.ro\/index.php\/wp-json\/wp\/v2\/posts"}],"about":[{"href":"https:\/\/247stiri.ro\/index.php\/wp-json\/wp\/v2\/types\/post"}],"replies":[{"embeddable":true,"href":"https:\/\/247stiri.ro\/index.php\/wp-json\/wp\/v2\/comments?post=15408"}],"version-history":[{"count":0,"href":"https:\/\/247stiri.ro\/index.php\/wp-json\/wp\/v2\/posts\/15408\/revisions"}],"wp:featuredmedia":[{"embeddable":true,"href":"https:\/\/247stiri.ro\/index.php\/wp-json\/wp\/v2\/media\/15409"}],"wp:attachment":[{"href":"https:\/\/247stiri.ro\/index.php\/wp-json\/wp\/v2\/media?parent=15408"}],"wp:term":[{"taxonomy":"category","embeddable":true,"href":"https:\/\/247stiri.ro\/index.php\/wp-json\/wp\/v2\/categories?post=15408"},{"taxonomy":"post_tag","embeddable":true,"href":"https:\/\/247stiri.ro\/index.php\/wp-json\/wp\/v2\/tags?post=15408"}],"curies":[{"name":"wp","href":"https:\/\/api.w.org\/{rel}","templated":true}]}}