{"id":15414,"date":"2024-12-10T11:51:15","date_gmt":"2024-12-10T11:51:15","guid":{"rendered":"https:\/\/247stiri.ro\/index.php\/2024\/12\/10\/seful-cenzurii-valentin-jucan-a-stat-gratis-intr-o-locuinta-de-protocol-a-ocupat-ilegal-o-casa-ra-apps\/"},"modified":"2024-12-10T11:51:15","modified_gmt":"2024-12-10T11:51:15","slug":"seful-cenzurii-valentin-jucan-a-stat-gratis-intr-o-locuinta-de-protocol-a-ocupat-ilegal-o-casa-ra-apps","status":"publish","type":"post","link":"https:\/\/247stiri.ro\/index.php\/2024\/12\/10\/seful-cenzurii-valentin-jucan-a-stat-gratis-intr-o-locuinta-de-protocol-a-ocupat-ilegal-o-casa-ra-apps\/","title":{"rendered":"\u0218eful \u201ecenzurii\u201d, Valentin Jucan, a stat GRATIS \u00eentr-o locuin\u021b\u0103 de protocol: a ocupat ilegal o cas\u0103 RA-APPS"},"content":{"rendered":"<p>Noul \u201ecenzor\u201d al libert\u0103\u021bii de exprimare a avut un parcurs profesional sinuos. Valeriu Jucan este violoncelist licen\u021biat, iar \u00een timpul facult\u0103\u021bii a fost DJ la un radio din Cluj. Cu un an \u00eenainte de absolvire, s-a sucit radical \u0219i a devenit consilier al Prefectului din ora\u0219ul care a dat \u021b\u0103rii escrocheria \u201eCaritas\u201d, scrie Mihai Belu, \u00eentr-un articol publicat pe site-ul lumeapolitica.ro.<\/p>\n<p>Concomitent, Jucan a schimbat radical meseria \u0219i s-a \u00eenscris, \u00een 2004 la un master \u00een drept la Universtitatea Babe\u0219-Bolyai din Cluj. Dup\u0103 un an de studii masterale a devenit colaborator al Senatului la Biroul Permanent, iar apoi (februarie 2007 \u2013 septembrie 2009) consultant parlamentar la Direc\u021bia de Afaceri Europene a Senatului.<\/p>\n<p>Practic, conform CV-ului oficial, din iulie 2005 p\u00e2n\u0103 \u00een iulie 2006, Jucan a avut via\u021b\u0103 grea: era student la Cluj \u0219i bugetar la Bucure\u0219ti. Nu \u0219tim care era forma de \u00eenv\u0103\u021b\u0103m\u00e2nt urmat\u0103 de Jucan \u0219i nici programul de la Senat, dar cu siguran\u021b\u0103 exist\u0103 suspiciuni rezonabile c\u0103 una dintre activit\u0103\u021bi era grav afectat\u0103 de cealalt\u0103.<\/p>\n<p>Cas\u0103 de la stat pentru Valentin Jucan<\/p>\n<p>Pentru c\u00e2teva luni \u00een 2008, actualul vice-pre\u0219edinte al CNA a fost consilier al ministrului Culturii, iar pentru alte dou\u0103 luni \u00een 2009 a fost director de cabinet la Ministerul Mediului. Ambele calit\u0103\u021bi se desf\u0103\u0219urau \u00een paralele cu func\u021bia de la Senat. Nu discut\u0103m acum competen\u021ba violoncelistului specializat \u00een drept \u0219i diferen\u021bele dinte Cultur\u0103 \u0219i Mediu.<\/p>\n<p>\u00cen aceast\u0103 perioad\u0103, RA-APPS a decis s\u0103-i acorde t\u00e2n\u0103rului pluri-specializat o locuin\u021b\u0103 de protocol din fondul destinat ambasadelor \u0219i demnitarilor. Nu \u0219tim exact momentul la care Valentin Jucan a intrat \u00een locuin\u021ba acordat\u0103 cu o chirie modic\u0103 de stat. Cu certitudine \u0219tim c\u0103 \u00een noiembrie 2008 el nu a mai pl\u0103tit chirie.\u00a0<\/p>\n<p>Povestea felului \u00een care Jucan a ajuns s\u0103 beneficieze de locuin\u021b\u0103 de la stat a este fabulos.<\/p>\n<p>\u201eLocuin\u021ba unde st\u0103team cu chirie a fost spart\u0103. Am r\u0103mas pur \u0219i simplu \u00een strad\u0103\u201d a rememorat pentru noi Valentin Jucan. \u201eAm primit ajutorul celor de la Ministerul Culturii. Mi-au spus c\u0103 eu puteam s\u0103 cer \u00eenc\u0103 de la \u00eenceput, dar ne\u0219tiind am stat \u00een chirie. Era dreptul legal de care eu habar nu aveam(\u2026) Secretarul general mi-a spus c\u0103 poate s\u0103 m\u0103 ajute \u00een felul \u0103sta\u201d poveste\u0219te oficialul de la Consiliul Na\u021bional al Audiovizualului cum a ajuns s\u0103 primeasc\u0103 o cas\u0103 de la stat pe Bulevardul Dacia, \u00eentr-o zon\u0103 ultra-central\u0103 din Bucure\u0219ti.<\/p>\n<p>Statul pl\u0103tea chiria pentru Valentin Jucan<\/p>\n<p>\u00cen decembrie 2009, RA-APPS solicita daune de la Jucan. \u00cen iunie 2011 judec\u0103torii stabileau c\u0103 acesta avea de plat\u0103 o sum\u0103 uria\u0219\u0103 pentru acele vremuri. \u201eObliga p\u00e2r\u00e2tul sa plateasca reclamantei suma totala de 179.979,89 lei, reprezent\u00e2nd contravaloare chirie, amortizari dotari, cote de \u00eentretinere, penalitati conventionale de \u00eent\u00e2rziere si dob\u00e2nda legala aferenta.\u201d se arat\u0103 \u00een \u00eencheierea pronun\u021bat\u0103 de judec\u0103torii de la Sectorul 2.<\/p>\n<p>Oficialul CNA sus\u021bine c\u0103 el a pl\u0103tit \u00een jur de 11.000 de euro \u00een urma proceselor cu RA-APPS. Suma este diferit\u0103 de datele existente la instan\u021b\u0103. La cursul din acel an, datoria lui Jucan ar fi fost de peste 40.000 de euro. El nu-\u0219i mai aminte\u0219te c\u00e2t era chiria pe care o pl\u0103tea la stat pentru c\u0103 tot statul achita cazarea consilierului ministerial.<\/p>\n<p>\u201eChiria atunci\u2026 nu \u00eemi mai amintesc, pentru c\u0103 procedura era c\u0103 factura eu o aduceam la institu\u021bie. Institu\u021bia era cea care pl\u0103tea. Nu eram eu cel care pl\u0103tea \u0219i \u2026 ulterior decontam. Institu\u021bia pl\u0103tea!\u201d spune Valentin Jucan cu senin\u0103tate ca \u0219i c\u00e2nd este normal ca statul s\u0103 achite cazarea tuturor func\u021bionarilor.<\/p>\n<p>Cite\u0219te continuarea pe <a href=\"https:\/\/lumeapolitica.ro\/anchete\/valentin-jucan-dator-la-stat-casa-lux\/\" target=\"_blank\">lumeapolitica.ro<\/a>.\u00a0<\/p>\n<p>\u00a0<\/p>","protected":false},"excerpt":{"rendered":"<p>Noul \u201ecenzor\u201d al libert\u0103\u021bii de exprimare a avut un parcurs profesional sinuos. Valeriu Jucan este&hellip;<\/p>\n","protected":false},"author":0,"featured_media":15415,"comment_status":"open","ping_status":"open","sticky":false,"template":"","format":"standard","meta":{"footnotes":""},"categories":[2],"tags":[],"class_list":["post-15414","post","type-post","status-publish","format-standard","has-post-thumbnail","hentry","category-actual"],"_links":{"self":[{"href":"https:\/\/247stiri.ro\/index.php\/wp-json\/wp\/v2\/posts\/15414","targetHints":{"allow":["GET"]}}],"collection":[{"href":"https:\/\/247stiri.ro\/index.php\/wp-json\/wp\/v2\/posts"}],"about":[{"href":"https:\/\/247stiri.ro\/index.php\/wp-json\/wp\/v2\/types\/post"}],"replies":[{"embeddable":true,"href":"https:\/\/247stiri.ro\/index.php\/wp-json\/wp\/v2\/comments?post=15414"}],"version-history":[{"count":0,"href":"https:\/\/247stiri.ro\/index.php\/wp-json\/wp\/v2\/posts\/15414\/revisions"}],"wp:featuredmedia":[{"embeddable":true,"href":"https:\/\/247stiri.ro\/index.php\/wp-json\/wp\/v2\/media\/15415"}],"wp:attachment":[{"href":"https:\/\/247stiri.ro\/index.php\/wp-json\/wp\/v2\/media?parent=15414"}],"wp:term":[{"taxonomy":"category","embeddable":true,"href":"https:\/\/247stiri.ro\/index.php\/wp-json\/wp\/v2\/categories?post=15414"},{"taxonomy":"post_tag","embeddable":true,"href":"https:\/\/247stiri.ro\/index.php\/wp-json\/wp\/v2\/tags?post=15414"}],"curies":[{"name":"wp","href":"https:\/\/api.w.org\/{rel}","templated":true}]}}