{"id":15434,"date":"2024-12-10T12:44:54","date_gmt":"2024-12-10T12:44:54","guid":{"rendered":"https:\/\/247stiri.ro\/index.php\/2024\/12\/10\/programul-de-craciun-al-supermarketurilor-din-capitala-ce-trebuie-sa-stie-romanii-care-fac-cumparaturi-pe-ultima-suta-de-metri\/"},"modified":"2024-12-10T12:44:54","modified_gmt":"2024-12-10T12:44:54","slug":"programul-de-craciun-al-supermarketurilor-din-capitala-ce-trebuie-sa-stie-romanii-care-fac-cumparaturi-pe-ultima-suta-de-metri","status":"publish","type":"post","link":"https:\/\/247stiri.ro\/index.php\/2024\/12\/10\/programul-de-craciun-al-supermarketurilor-din-capitala-ce-trebuie-sa-stie-romanii-care-fac-cumparaturi-pe-ultima-suta-de-metri\/","title":{"rendered":"PROGRAMUL de Cr\u0103ciun al supermarketurilor din Capital\u0103. Ce trebuie s\u0103 \u0219tie rom\u00e2nii care fac cump\u0103r\u0103turi pe ultima sut\u0103 de metri"},"content":{"rendered":"<p class=\"svelte-uzyam9\">Pentru a oferi clien\u021bilor posibilitatea de a-\u0219i completa cump\u0103r\u0103turile \u00eenainte de Cr\u0103ciun, retailerii \u00ee\u0219i prelungesc programul p\u00e2n\u0103 aproape de Ajun. Cu toate acestea, pe 24 decembrie, programul este redus, iar \u00een ziua de Cr\u0103ciun, pe 25 decembrie, majoritatea magazinelor sunt \u00eenchise pentru ca angaja\u021bii s\u0103 petreac\u0103 s\u0103rb\u0103toarea al\u0103turi de familie. Activitatea se reia pe 26 decembrie, de obicei cu un orar scurt, relateaz\u0103 Click!.<\/p>\n<p class=\"svelte-uzyam9\">Program Lidl de Cr\u0103ciun:<\/p>\n<p class=\"svelte-uzyam9\">24 decembrie (Ajunul Cr\u0103ciunului):\u00a0Deschis \u00eentre orele 07:00 \u0219i 18:00.<\/p>\n<p class=\"svelte-uzyam9\">25 decembrie (Cr\u0103ciun):\u00a0\u00ceNCHIS.<\/p>\n<p class=\"svelte-uzyam9\">26 decembrie:\u00a0\u00ceNCHIS.<\/p>\n<p class=\"svelte-uzyam9\">Program Kaufland de Cr\u0103ciun:<\/p>\n<p class=\"svelte-uzyam9\">23 decembrie: Program extins \u2013 07:00-22:00 sau 23:00 (\u00een func\u021bie de ora\u0219).<\/p>\n<p class=\"svelte-uzyam9\">24 decembrie:\u00a0Deschis \u00eentre orele 07:00 \u0219i 18:00.<\/p>\n<p class=\"svelte-uzyam9\">25 decembrie:\u00a0\u00ceNCHIS.<\/p>\n<p class=\"svelte-uzyam9\">26 decembrie:\u00a0Deschis de la ora 09:00 p\u00e2n\u0103 la 16:00-18:00.<\/p>\n<p class=\"svelte-uzyam9\">Program Carrefour de Cr\u0103ciun:<\/p>\n<p class=\"svelte-uzyam9\">24 decembrie:\u00a0Deschis \u00eentre orele 07:00 \u0219i 19:00.<\/p>\n<p class=\"svelte-uzyam9\">25 decembrie:\u00a0\u00ceNCHIS.<\/p>\n<p class=\"svelte-uzyam9\">26 decembrie:\u00a0Deschis \u00eentre orele 07:00 \u0219i 22:00.<\/p>\n<p class=\"svelte-uzyam9\">Program Auchan de Cr\u0103ciun:<\/p>\n<p class=\"svelte-uzyam9\">24 decembrie:\u00a0Deschis \u00eentre orele 07:00 \u0219i 18:00.<\/p>\n<p class=\"svelte-uzyam9\">25 decembrie:\u00a0\u00ceNCHIS.<\/p>\n<p class=\"svelte-uzyam9\">26 decembrie:\u00a0Deschis \u00eentre orele 10:00 \u0219i 22:00.<\/p>\n<p>Sfaturi pentru cump\u0103r\u0103turi eficiente<\/p>\n<p class=\"svelte-uzyam9\">Planifica\u021bi-v\u0103 vizitele:\u00a0Verifica\u021bi orarul specific magazinului din ora\u0219ul dumneavoastr\u0103, deoarece pot exista varia\u021bii regionale.<\/p>\n<p class=\"svelte-uzyam9\">Evita\u021bi orele de v\u00e2rf:\u00a0Pentru a reduce timpul de a\u0219teptare la case, \u00eencerca\u021bi s\u0103 merge\u021bi la cump\u0103r\u0103turi diminea\u021ba sau imediat dup\u0103 deschiderea magazinelor.<\/p>\n<p class=\"svelte-uzyam9\">Lista de cump\u0103r\u0103turi:\u00a0Preg\u0103ti\u021bi o list\u0103 detaliat\u0103 pentru a nu pierde timp \u00een magazin \u0219i pentru a evita achizi\u021biile impulsive.<\/p>\n<p class=\"svelte-uzyam9\">Profita\u021bi de reduceri:\u00a0Dup\u0103 27 decembrie, rafturile vor fi pline de produse de Cr\u0103ciun la pre\u021buri reduse \u2013 o ocazie bun\u0103 pentru achizi\u021bii economice.<\/p>\n<p class=\"svelte-uzyam9\">De la alimente pentru masa festiv\u0103 p\u00e2n\u0103 la cadouri de ultim moment, programul supermarketurilor este g\u00e2ndit astfel \u00eenc\u00e2t s\u0103 vin\u0103 \u00een sprijinul clien\u021bilor. Nu uita\u021bi, \u00eens\u0103, s\u0103 verifica\u021bi din timp programul fiec\u0103rei loca\u021bii pentru a evita surprizele nepl\u0103cute! Cr\u0103ciun fericit \u0219i spor la cump\u0103r\u0103turi!<\/p>","protected":false},"excerpt":{"rendered":"<p>Pentru a oferi clien\u021bilor posibilitatea de a-\u0219i completa cump\u0103r\u0103turile \u00eenainte de Cr\u0103ciun, retailerii \u00ee\u0219i prelungesc&hellip;<\/p>\n","protected":false},"author":0,"featured_media":15435,"comment_status":"open","ping_status":"open","sticky":false,"template":"","format":"standard","meta":{"footnotes":""},"categories":[2],"tags":[],"class_list":["post-15434","post","type-post","status-publish","format-standard","has-post-thumbnail","hentry","category-actual"],"_links":{"self":[{"href":"https:\/\/247stiri.ro\/index.php\/wp-json\/wp\/v2\/posts\/15434","targetHints":{"allow":["GET"]}}],"collection":[{"href":"https:\/\/247stiri.ro\/index.php\/wp-json\/wp\/v2\/posts"}],"about":[{"href":"https:\/\/247stiri.ro\/index.php\/wp-json\/wp\/v2\/types\/post"}],"replies":[{"embeddable":true,"href":"https:\/\/247stiri.ro\/index.php\/wp-json\/wp\/v2\/comments?post=15434"}],"version-history":[{"count":0,"href":"https:\/\/247stiri.ro\/index.php\/wp-json\/wp\/v2\/posts\/15434\/revisions"}],"wp:featuredmedia":[{"embeddable":true,"href":"https:\/\/247stiri.ro\/index.php\/wp-json\/wp\/v2\/media\/15435"}],"wp:attachment":[{"href":"https:\/\/247stiri.ro\/index.php\/wp-json\/wp\/v2\/media?parent=15434"}],"wp:term":[{"taxonomy":"category","embeddable":true,"href":"https:\/\/247stiri.ro\/index.php\/wp-json\/wp\/v2\/categories?post=15434"},{"taxonomy":"post_tag","embeddable":true,"href":"https:\/\/247stiri.ro\/index.php\/wp-json\/wp\/v2\/tags?post=15434"}],"curies":[{"name":"wp","href":"https:\/\/api.w.org\/{rel}","templated":true}]}}