{"id":15436,"date":"2024-12-10T12:44:54","date_gmt":"2024-12-10T12:44:54","guid":{"rendered":"https:\/\/247stiri.ro\/index.php\/2024\/12\/10\/cat-de-des-trebuie-udate-muscatele-in-timpul-iernii\/"},"modified":"2024-12-10T12:44:54","modified_gmt":"2024-12-10T12:44:54","slug":"cat-de-des-trebuie-udate-muscatele-in-timpul-iernii","status":"publish","type":"post","link":"https:\/\/247stiri.ro\/index.php\/2024\/12\/10\/cat-de-des-trebuie-udate-muscatele-in-timpul-iernii\/","title":{"rendered":"C\u00e2t de des trebuie udate mu\u0219catele \u00een timpul iernii"},"content":{"rendered":"<p>Odat\u0103 cu venirea iernii, mu\u0219catele intr\u0103 \u00eentr-o perioad\u0103 de repaus vegetativ, iar, \u00een mod practic, acest lucru se traduce printr-o nevoie mai sc\u0103zut\u0103 de ap\u0103. Astfel, este suficient s\u0103 ud\u0103m aceste plante o singur\u0103 dat\u0103, la dou\u0103 sau chiar trei s\u0103pt\u0103m\u00e2ni. \u00cen plus, este foarte important ca solul acestora s\u0103 fie l\u0103sat s\u0103 se usuce\u00a0complet, \u00eenainte de a le uda din nou.<\/p>\n<p>Cum trebuie s\u0103 ud\u0103m mu\u0219catele iarna<\/p>\n<p class=\"svelte-uzyam9\">Excesul de umiditate poate s\u0103 aduc\u0103 probleme mu\u0219catelor, sub forma bolilor fungice, sau, \u00een cel mai r\u0103u caz, poate provoca putrezirea r\u0103d\u0103cinilor. Un alt detaliu important este c\u0103 o temperatur\u0103 sc\u0103zut\u0103 va sc\u0103dea \u0219i mai mult cantitatea de ap\u0103 de care au nevoie.<\/p>\n<p class=\"svelte-uzyam9\">Astfel, dac\u0103 acestea sunt \u021binute la o temperatur\u0103 de 5 \u2013 10 grade, ele trebuie udate \u0219i mai rar. Iar, \u00een sens opus, dac\u0103 \u021binem plantele \u00eentr-un mediu mai cald, este posibil s\u0103 fie nevoie de mai mult\u0103 ap\u0103.<\/p>\n<p>Mu\u0219catele au nevoi speciale pe timp de iarn\u0103<\/p>\n<p class=\"svelte-uzyam9\">Este important s\u0103 \u021binem plantele \u00eentr-un loc luminos, \u00eens\u0103, dac\u0103 le \u021binem \u00een dreptul unui geam, este posibil ca aerul rece care intr\u0103 atunci c\u00e2nd deschidem fereastra s\u0103 fac\u0103 r\u0103u mu\u0219catelor. De\u00a0asemenea, aceste plante nu au nevoie de \u00eengr\u0103\u0219\u0103m\u00e2nt pe timp de iarn\u0103, deoarece acesta le poate for\u021ba s\u0103 ias\u0103 din repausul vegetativ, lucru ce le poate afecta.<\/p>\n<p class=\"svelte-uzyam9\">\u00cen plus, mai trebuie s\u0103 \u021binem mu\u0219catele \u00eentr-un ghiveci care are orificii pe fund, pentru ca solul s\u0103 se poat\u0103 drena. Altfel, acumularea de ap\u0103 \u00een sol poate d\u0103una plantei, scrie click.ro.<\/p>\n<p><a href=\"https:\/\/www.realitatea.net\/stiri\/actual\/floarea-ce-poate-invia-mortii-si-ucide-pe-cei-vii-in-functie-de-cantitatea-folosita-arma-cu-doua-taisuri-din-natura-poate-fi-medicament-sau-se-poate-transforma-in-otrava_67580f6c044ddd5e1e659b07\" target=\"_blank\">Floarea \u201ece poate \u00eenvia mor\u021bii \u0219i ucide pe cei vii\u201d, \u00een func\u021bie de cantitatea folosit\u0103. Arma cu dou\u0103 t\u0103i\u0219uri din natur\u0103 &#8211; poate fi medicament sau se poate transforma \u00een otrav\u0103<\/a><\/p>","protected":false},"excerpt":{"rendered":"<p>Odat\u0103 cu venirea iernii, mu\u0219catele intr\u0103 \u00eentr-o perioad\u0103 de repaus vegetativ, iar, \u00een mod practic,&hellip;<\/p>\n","protected":false},"author":0,"featured_media":15426,"comment_status":"open","ping_status":"open","sticky":false,"template":"","format":"standard","meta":{"footnotes":""},"categories":[2],"tags":[],"class_list":["post-15436","post","type-post","status-publish","format-standard","has-post-thumbnail","hentry","category-actual"],"_links":{"self":[{"href":"https:\/\/247stiri.ro\/index.php\/wp-json\/wp\/v2\/posts\/15436","targetHints":{"allow":["GET"]}}],"collection":[{"href":"https:\/\/247stiri.ro\/index.php\/wp-json\/wp\/v2\/posts"}],"about":[{"href":"https:\/\/247stiri.ro\/index.php\/wp-json\/wp\/v2\/types\/post"}],"replies":[{"embeddable":true,"href":"https:\/\/247stiri.ro\/index.php\/wp-json\/wp\/v2\/comments?post=15436"}],"version-history":[{"count":0,"href":"https:\/\/247stiri.ro\/index.php\/wp-json\/wp\/v2\/posts\/15436\/revisions"}],"wp:featuredmedia":[{"embeddable":true,"href":"https:\/\/247stiri.ro\/index.php\/wp-json\/wp\/v2\/media\/15426"}],"wp:attachment":[{"href":"https:\/\/247stiri.ro\/index.php\/wp-json\/wp\/v2\/media?parent=15436"}],"wp:term":[{"taxonomy":"category","embeddable":true,"href":"https:\/\/247stiri.ro\/index.php\/wp-json\/wp\/v2\/categories?post=15436"},{"taxonomy":"post_tag","embeddable":true,"href":"https:\/\/247stiri.ro\/index.php\/wp-json\/wp\/v2\/tags?post=15436"}],"curies":[{"name":"wp","href":"https:\/\/api.w.org\/{rel}","templated":true}]}}