{"id":15467,"date":"2024-12-10T14:44:51","date_gmt":"2024-12-10T14:44:51","guid":{"rendered":"https:\/\/247stiri.ro\/index.php\/2024\/12\/10\/cezar-avarmuta-stegarul-dac-implicat-intr-un-un-nou-incident-s-a-urcat-pe-un-stalp-din-fata-palatului-parlamentului-video\/"},"modified":"2024-12-10T14:44:51","modified_gmt":"2024-12-10T14:44:51","slug":"cezar-avarmuta-stegarul-dac-implicat-intr-un-un-nou-incident-s-a-urcat-pe-un-stalp-din-fata-palatului-parlamentului-video","status":"publish","type":"post","link":"https:\/\/247stiri.ro\/index.php\/2024\/12\/10\/cezar-avarmuta-stegarul-dac-implicat-intr-un-un-nou-incident-s-a-urcat-pe-un-stalp-din-fata-palatului-parlamentului-video\/","title":{"rendered":"Cezar Av\u0103rmu\u021b\u0103, \u201estegarul dac\u201d, implicat \u00eentr-un un nou incident: S-a urcat pe un st\u00e2lp din fa\u021ba Palatului Parlamentului VIDEO"},"content":{"rendered":"<p>Mar\u021bi, 10 decembrie 2024, poli\u021bi\u0219ti din cadrul Direc\u021biei Generale de Poli\u021bie a Municipiului Bucure\u0219ti- Sec\u021bia 17 Poli\u021bie au fost sesiza\u021bi, prin apel 112, cu privire la faptul c\u0103 o persoan\u0103 s-ar fi urcat pe un st\u00e2lp, pun\u00e2ndu-\u0219i astfel via\u021ba \u00een pericol.<\/p>\n<p>La fa\u021ba locului s-au deplasat cu operativitate poli\u021bi\u0219ti din cadrul subunit\u0103\u021bii, care au constatat c\u0103 cele sesizate se confirm\u0103, \u00een cauz\u0103 fiind identificat un b\u0103rbat, \u00een v\u00e2rst\u0103 de 57 de ani.<\/p>\n<p>Este vorba despre Cezar C\u0103t\u0103lin Avr\u0103mu\u021b\u0103, cunoscut drept \u201eStegarul Dac\u201d. Acesta s-a urcat pe un st\u00e2lp \u00een Pia\u021ba Constitu\u021biei, la dou\u0103 zile dup\u0103 ce s-a urcat pe o macara \u00een alt\u0103 zon\u0103 din Bucure\u0219ti.<\/p>\n<p>\u201eStegarul Dac\u201d face apel la autorit\u0103\u021bi s\u0103 nu ridice macaraua pentru a-l salva de pe st\u00e2lp. De asemenea, acesta cere demisia lui Klaus Iohannis \u0219i a judec\u0103torilor CCR, din cauza anul\u0103rii alegerilor, \u0219i anun\u021b\u0103 c\u0103 este \u00een greva foamei.<\/p>\n<p>Poli\u021bia Capitalei anun\u021b\u0103 c\u0103 echipele de negociatori, din cadrul Serviciului pentru Ac\u021biuni Speciale, sosite la adres\u0103, rela\u021bioneaz\u0103 cu b\u0103rbatul \u00een cauz\u0103. Totodat\u0103, \u00een sprijin s-au deplasat \u0219i echipaje din cadrul Inspectoratului pentru Situa\u021bii de Urgen\u021b\u0103 Bucure\u0219ti-Ilfov, echipaje de jandarmi, dar \u0219i echipaje de prim-ajutor.<\/p>\n<p>La acest moment, activit\u0103\u021bile sunt \u00een desf\u0103\u0219urare, pentru gestionarea situa\u021biei \u0219i pentru prevenirea oric\u0103rui pericol la care se expune b\u0103rbatul \u00een cauz\u0103.<\/p>","protected":false},"excerpt":{"rendered":"<p>Mar\u021bi, 10 decembrie 2024, poli\u021bi\u0219ti din cadrul Direc\u021biei Generale de Poli\u021bie a Municipiului Bucure\u0219ti- Sec\u021bia&hellip;<\/p>\n","protected":false},"author":0,"featured_media":15468,"comment_status":"open","ping_status":"open","sticky":false,"template":"","format":"standard","meta":{"footnotes":""},"categories":[2],"tags":[],"class_list":["post-15467","post","type-post","status-publish","format-standard","has-post-thumbnail","hentry","category-actual"],"_links":{"self":[{"href":"https:\/\/247stiri.ro\/index.php\/wp-json\/wp\/v2\/posts\/15467","targetHints":{"allow":["GET"]}}],"collection":[{"href":"https:\/\/247stiri.ro\/index.php\/wp-json\/wp\/v2\/posts"}],"about":[{"href":"https:\/\/247stiri.ro\/index.php\/wp-json\/wp\/v2\/types\/post"}],"replies":[{"embeddable":true,"href":"https:\/\/247stiri.ro\/index.php\/wp-json\/wp\/v2\/comments?post=15467"}],"version-history":[{"count":0,"href":"https:\/\/247stiri.ro\/index.php\/wp-json\/wp\/v2\/posts\/15467\/revisions"}],"wp:featuredmedia":[{"embeddable":true,"href":"https:\/\/247stiri.ro\/index.php\/wp-json\/wp\/v2\/media\/15468"}],"wp:attachment":[{"href":"https:\/\/247stiri.ro\/index.php\/wp-json\/wp\/v2\/media?parent=15467"}],"wp:term":[{"taxonomy":"category","embeddable":true,"href":"https:\/\/247stiri.ro\/index.php\/wp-json\/wp\/v2\/categories?post=15467"},{"taxonomy":"post_tag","embeddable":true,"href":"https:\/\/247stiri.ro\/index.php\/wp-json\/wp\/v2\/tags?post=15467"}],"curies":[{"name":"wp","href":"https:\/\/api.w.org\/{rel}","templated":true}]}}