{"id":15469,"date":"2024-12-10T14:44:51","date_gmt":"2024-12-10T14:44:51","guid":{"rendered":"https:\/\/247stiri.ro\/index.php\/2024\/12\/10\/kelemen-hunor-il-invita-pe-iohannis-sa-renunte-mai-repede-la-mandat-pe-21-22-decembrie-ar-putea-sa-o-faca\/"},"modified":"2024-12-10T14:44:51","modified_gmt":"2024-12-10T14:44:51","slug":"kelemen-hunor-il-invita-pe-iohannis-sa-renunte-mai-repede-la-mandat-pe-21-22-decembrie-ar-putea-sa-o-faca","status":"publish","type":"post","link":"https:\/\/247stiri.ro\/index.php\/2024\/12\/10\/kelemen-hunor-il-invita-pe-iohannis-sa-renunte-mai-repede-la-mandat-pe-21-22-decembrie-ar-putea-sa-o-faca\/","title":{"rendered":"Kelemen Hunor \u00eel invit\u0103 pe Iohannis s\u0103 renun\u021be mai repede la mandat: \u201ePe 21-22 decembrie ar putea s\u0103 o fac\u0103\u201d"},"content":{"rendered":"<p>Pre\u0219edintele UDMR,\u00a0Kelemen Hunor, a declarat c\u0103 dac\u0103 ar fi \u00een locul pre\u0219edintelui Klaus Iohannis, al c\u0103rui mandat i se termin\u0103 pe 21 decembrie, i-ar l\u0103sa interimar atribu\u021biile preziden\u021biale noului lider al Senatului, p\u00e2n\u0103 la viitoarele alegeri preziden\u021biale.<\/p>\n<p>\u201eEu, dac\u0103 a\u0219 fi, dar nu sunt, \u00een locul pre\u0219edintelui Iohannis, \u00een momentul \u00een care pe 21-22 Senatul Rom\u00e2niei are un pre\u0219edinte ales, l-a\u0219 l\u0103sa pe pre\u0219edintele Senatului s\u0103 preia interimar atribu\u021biile preziden\u021biale. Dar nu am discutat cu nimeni, nu fac nicio propunere. Trebuie s\u0103 \u00een\u021belege\u021bi c\u0103 asta e p\u0103rerea mea personal\u0103, nu sunt \u00een situa\u021bia s\u0103 \u00eei fac eu o propunere pre\u0219edintelui Iohannis, e un om responsabil. Nu am nicio vendet\u0103 cu pre\u0219edintele Iohannis, i se termin\u0103 mandatul \u0219i nici nu vreau s\u0103-l critic, gata, s-a terminat din punctul meu de vedere acest episod, dar eu asta a\u0219 face \u00een locul lui. Nu \u0219tiu cine va fi pre\u0219edintele Senatului, \u00eenc\u0103 n-au \u00eenceput discu\u021biile. Poate s\u0103 fie PSD-ul la \u0219efia Senatului sau poate s\u0103 fie PNL-ul\u201d, a declarat liderul UDMR.<\/p>\n<p>Dup\u0103 anularea alegerilor preziden\u021biale de c\u0103tre CCR, Klaus Iohannis a declarat la Cotroceni c\u0103 nu va pleca momentan de la Cotroceni.<\/p>\n<p>\u201e\u00cen Constitu\u0163ia Rom\u00e2niei citim la articolul 83 alineatul 2: pre\u015fedintele Rom\u00e2niei \u00ee\u015fi exercit\u0103 mandatul p\u00e2n\u0103 la depunerea jur\u0103m\u00e2ntului de pre\u015fedinte nou ales. Concluzie: eu r\u0103m\u00e2n \u00een mandat p\u00e2n\u0103 c\u00e2nd va fi ales un nou pre\u015fedinte al Rom\u00e2niei. C\u00e2nd noul pre\u015fedinte va depune jur\u0103m\u00e2ntul, eu voi pleca de aici\u201d, a spus \u015feful statului.<\/p>\n<p>Ulterior, CCR a apreciat \u00een hot\u0103r\u00e2rea privind anularea procesului electoral c\u0103 pre\u015fedintele Rom\u00e2niei \u00een func\u0163ie \u201eexercit\u0103 mandatul p\u00e2n\u0103 la depunerea jur\u0103m\u00e2ntului de pre\u015fedintele nou-ales\u201d, invoc\u00e2nd complexitatea \u015fi durata opera\u0163iunilor electorale.<\/p>","protected":false},"excerpt":{"rendered":"<p>Pre\u0219edintele UDMR,\u00a0Kelemen Hunor, a declarat c\u0103 dac\u0103 ar fi \u00een locul pre\u0219edintelui Klaus Iohannis, al&hellip;<\/p>\n","protected":false},"author":0,"featured_media":15460,"comment_status":"open","ping_status":"open","sticky":false,"template":"","format":"standard","meta":{"footnotes":""},"categories":[2],"tags":[],"class_list":["post-15469","post","type-post","status-publish","format-standard","has-post-thumbnail","hentry","category-actual"],"_links":{"self":[{"href":"https:\/\/247stiri.ro\/index.php\/wp-json\/wp\/v2\/posts\/15469","targetHints":{"allow":["GET"]}}],"collection":[{"href":"https:\/\/247stiri.ro\/index.php\/wp-json\/wp\/v2\/posts"}],"about":[{"href":"https:\/\/247stiri.ro\/index.php\/wp-json\/wp\/v2\/types\/post"}],"replies":[{"embeddable":true,"href":"https:\/\/247stiri.ro\/index.php\/wp-json\/wp\/v2\/comments?post=15469"}],"version-history":[{"count":0,"href":"https:\/\/247stiri.ro\/index.php\/wp-json\/wp\/v2\/posts\/15469\/revisions"}],"wp:featuredmedia":[{"embeddable":true,"href":"https:\/\/247stiri.ro\/index.php\/wp-json\/wp\/v2\/media\/15460"}],"wp:attachment":[{"href":"https:\/\/247stiri.ro\/index.php\/wp-json\/wp\/v2\/media?parent=15469"}],"wp:term":[{"taxonomy":"category","embeddable":true,"href":"https:\/\/247stiri.ro\/index.php\/wp-json\/wp\/v2\/categories?post=15469"},{"taxonomy":"post_tag","embeddable":true,"href":"https:\/\/247stiri.ro\/index.php\/wp-json\/wp\/v2\/tags?post=15469"}],"curies":[{"name":"wp","href":"https:\/\/api.w.org\/{rel}","templated":true}]}}