{"id":15471,"date":"2024-12-10T14:44:51","date_gmt":"2024-12-10T14:44:51","guid":{"rendered":"https:\/\/247stiri.ro\/index.php\/2024\/12\/10\/se-imparte-puterea-dupa-alegerile-parlamentare-surse-sefia-senatului-va-ramane-la-pnl-in-timp-ce-presedintia-camerei-deputatilor-va-reveni-psd\/"},"modified":"2024-12-10T14:44:51","modified_gmt":"2024-12-10T14:44:51","slug":"se-imparte-puterea-dupa-alegerile-parlamentare-surse-sefia-senatului-va-ramane-la-pnl-in-timp-ce-presedintia-camerei-deputatilor-va-reveni-psd","status":"publish","type":"post","link":"https:\/\/247stiri.ro\/index.php\/2024\/12\/10\/se-imparte-puterea-dupa-alegerile-parlamentare-surse-sefia-senatului-va-ramane-la-pnl-in-timp-ce-presedintia-camerei-deputatilor-va-reveni-psd\/","title":{"rendered":"Se \u00eemparte puterea dup\u0103 alegerile parlamentare. SURSE: \u0218efia Senatului va r\u0103m\u00e2ne la PNL, \u00een timp ce pre\u0219edin\u021bia Camerei Deputa\u021bilor va reveni PSD"},"content":{"rendered":"<p>Potrivit unor surse, Partidul Na\u021bional Liberal (PNL) \u0219i Partidul Social Democrat (PSD) ar putea sus\u021bine un candidat comun la alegerile preziden\u021biale. Se pare c\u0103 tandemul este parte a unui plan menit s\u0103 consolideze sprijinul partidelor pro-europene \u00eempotriva forma\u021biunilor suveraniste.<\/p>\n<p>Uniunea Salva\u021bi Rom\u00e2nia (USR), de\u0219i nu este inclus\u0103 \u00een alian\u021ba guvernamental\u0103 central\u0103, ar urma s\u0103 ob\u021bin\u0103 conducerea unor comisii parlamentare importante. Acest compromis este v\u0103zut ca o metod\u0103 de a men\u021bine un echilibru politic \u0219i de a oferi un rol activ USR \u00een supravegherea legisla\u021biei.<\/p>\n<p>Negocierile includ \u0219i \u00eemp\u0103r\u021birea celor mai \u00eenalte func\u021bii parlamentare. Sursele indic\u0103 faptul c\u0103 \u0219efia Senatului va r\u0103m\u00e2ne la PNL, \u00een timp ce pre\u0219edin\u021bia Camerei Deputa\u021bilor va reveni PSD.<\/p>\n<p>Conform unor informa\u021bii neoficiale, formarea Guvernului ar fi negociat\u0103 \u201ela pachet\u201d cu o strategie comun\u0103 pentru preziden\u021biale. Liderii PNL \u0219i PSD iau \u00een calcul sus\u021binerea unui candidat unic, capabil s\u0103 adune sprijinul partidelor pro-europene \u0219i s\u0103 limiteze ascensiunea discursurilor suveraniste.<\/p>","protected":false},"excerpt":{"rendered":"<p>Potrivit unor surse, Partidul Na\u021bional Liberal (PNL) \u0219i Partidul Social Democrat (PSD) ar putea sus\u021bine&hellip;<\/p>\n","protected":false},"author":0,"featured_media":15462,"comment_status":"open","ping_status":"open","sticky":false,"template":"","format":"standard","meta":{"footnotes":""},"categories":[2],"tags":[],"class_list":["post-15471","post","type-post","status-publish","format-standard","has-post-thumbnail","hentry","category-actual"],"_links":{"self":[{"href":"https:\/\/247stiri.ro\/index.php\/wp-json\/wp\/v2\/posts\/15471","targetHints":{"allow":["GET"]}}],"collection":[{"href":"https:\/\/247stiri.ro\/index.php\/wp-json\/wp\/v2\/posts"}],"about":[{"href":"https:\/\/247stiri.ro\/index.php\/wp-json\/wp\/v2\/types\/post"}],"replies":[{"embeddable":true,"href":"https:\/\/247stiri.ro\/index.php\/wp-json\/wp\/v2\/comments?post=15471"}],"version-history":[{"count":0,"href":"https:\/\/247stiri.ro\/index.php\/wp-json\/wp\/v2\/posts\/15471\/revisions"}],"wp:featuredmedia":[{"embeddable":true,"href":"https:\/\/247stiri.ro\/index.php\/wp-json\/wp\/v2\/media\/15462"}],"wp:attachment":[{"href":"https:\/\/247stiri.ro\/index.php\/wp-json\/wp\/v2\/media?parent=15471"}],"wp:term":[{"taxonomy":"category","embeddable":true,"href":"https:\/\/247stiri.ro\/index.php\/wp-json\/wp\/v2\/categories?post=15471"},{"taxonomy":"post_tag","embeddable":true,"href":"https:\/\/247stiri.ro\/index.php\/wp-json\/wp\/v2\/tags?post=15471"}],"curies":[{"name":"wp","href":"https:\/\/api.w.org\/{rel}","templated":true}]}}