{"id":15472,"date":"2024-12-10T14:44:51","date_gmt":"2024-12-10T14:44:51","guid":{"rendered":"https:\/\/247stiri.ro\/index.php\/2024\/12\/10\/george-simion-se-duce-din-nou-la-iccj-unde-se-judeca-contestarea-amanarii-alegerilor-depusa-de-aur\/"},"modified":"2024-12-10T14:44:51","modified_gmt":"2024-12-10T14:44:51","slug":"george-simion-se-duce-din-nou-la-iccj-unde-se-judeca-contestarea-amanarii-alegerilor-depusa-de-aur","status":"publish","type":"post","link":"https:\/\/247stiri.ro\/index.php\/2024\/12\/10\/george-simion-se-duce-din-nou-la-iccj-unde-se-judeca-contestarea-amanarii-alegerilor-depusa-de-aur\/","title":{"rendered":"George Simion se duce din nou la \u00ceCCJ unde se judec\u0103 contestarea am\u00e2n\u0103rii alegerilor depus\u0103 de AUR"},"content":{"rendered":"<p>Pre\u015fedintele AUR, George Simion, a anun\u021bat c\u0103 miercuri, 11 decembrie, va merge la \u00cenalta Curte de Casa\u0163ie \u015fi Justi\u0163ie (ICCJ), unde se judec\u0103 contesta\u0163ia pe care a formulat-o \u00eempotriva hot\u0103r\u00e2rii Cur\u0163ii Constitu\u0163ionale privind anularea \u00eentregului proces electoral al alegerilor preziden\u0163iale.<\/p>\n<p>\u00cen sesizarea depus\u0103 la \u00cenalta Curte, Simion arat\u0103 c\u0103 decizia luat\u0103 de judec\u0103torii constitu\u0163ionali \u00een data de 6 decembrie este &#8222;un precedent extrem de periculos, \u00eentruc\u00e2t \u00eencalc\u0103 articolul 2 din Constitu\u0163ie, care prevede c\u0103 &#8222;suveranitatea na\u0163ional\u0103 apar\u0163ine poporului rom\u00e2n \u015fi se exercit\u0103 prin reprezentan\u0163ii s\u0103i ale\u015fi&#8221;, repetabil\u0103 ori de c\u00e2te ori puterea se vrea stabil\u0103 la putere, deci ne-\u00eenlocuibil\u0103 prin alegeri, iar pe de alt\u0103 parte, este o motiva\u0163ie foarte serioas\u0103 pentru ca poporul s\u0103 \u00ee\u015fi piard\u0103 \u00eencrederea \u00een democra\u0163ie, alegeri \u015fi statul de drept&#8221;, precizeaz\u0103 reprezentan\u0163ii AUR, mar\u0163i, 10 decembrie, \u00eentr-un comunicat de pres\u0103.<\/p>\n<p>De asemenea, liderul AUR men\u0163ioneaz\u0103 c\u0103 aceia\u015fi judec\u0103tori de la CCR au decis, pe 2 decembrie, validarea primului tur al alegerilor preziden\u0163iale.<\/p>\n<p>&#8222;Decizia CCR a anulat \u00een totalitate procesul electoral. Nu doar turul I de scrutin a fost anulat, ci \u00eentregul proces electoral. Trebuie acum ca totul s\u0103 fie luat de la cap\u0103t &#8211; minus, foarte probabil, candida\u0163ii care vor fi invalida\u0163i pe parcurs pe motiv de note informative de la serviciile secrete. Se observ\u0103 din motivarea deciziei CCR de vineri c\u0103 singurele probe pe care s-a bazat decizia de anulare a \u00eentregului proces electoral sunt notele informative de la SRI, SIE \u015fi Ministerul de Interne, a\u015fa-zis desecretizate de CSAT.<\/p>\n<p>Nu exist\u0103 niciun motiv \u00een acest moment, ra\u0163ional sau emo\u0163ional, s\u0103 credem c\u0103 acest precedent nu va fi devenit un tipar de ac\u0163iune statal\u0103 \u00een viitoarele alegeri. (&#8230;) A veghea asupra procesului electoral nu \u00eenseamn\u0103 a-l anula, ci a nu permite ca evenimente sau fapte administrative ori electorale s\u0103 \u00eel \u00eempiedice sau s\u0103 \u00eel deturneze de la parcursul normal. Aceast\u0103 atribu\u0163ie de a veghea se exercit\u0103 \u00een timpul, iar nu dup\u0103 alegeri&#8221;, se mai arat\u0103 \u00een contesta\u0163ia depus\u0103 la ICCJ.<\/p>","protected":false},"excerpt":{"rendered":"<p>Pre\u015fedintele AUR, George Simion, a anun\u021bat c\u0103 miercuri, 11 decembrie, va merge la \u00cenalta Curte&hellip;<\/p>\n","protected":false},"author":0,"featured_media":15464,"comment_status":"open","ping_status":"open","sticky":false,"template":"","format":"standard","meta":{"footnotes":""},"categories":[2],"tags":[],"class_list":["post-15472","post","type-post","status-publish","format-standard","has-post-thumbnail","hentry","category-actual"],"_links":{"self":[{"href":"https:\/\/247stiri.ro\/index.php\/wp-json\/wp\/v2\/posts\/15472","targetHints":{"allow":["GET"]}}],"collection":[{"href":"https:\/\/247stiri.ro\/index.php\/wp-json\/wp\/v2\/posts"}],"about":[{"href":"https:\/\/247stiri.ro\/index.php\/wp-json\/wp\/v2\/types\/post"}],"replies":[{"embeddable":true,"href":"https:\/\/247stiri.ro\/index.php\/wp-json\/wp\/v2\/comments?post=15472"}],"version-history":[{"count":0,"href":"https:\/\/247stiri.ro\/index.php\/wp-json\/wp\/v2\/posts\/15472\/revisions"}],"wp:featuredmedia":[{"embeddable":true,"href":"https:\/\/247stiri.ro\/index.php\/wp-json\/wp\/v2\/media\/15464"}],"wp:attachment":[{"href":"https:\/\/247stiri.ro\/index.php\/wp-json\/wp\/v2\/media?parent=15472"}],"wp:term":[{"taxonomy":"category","embeddable":true,"href":"https:\/\/247stiri.ro\/index.php\/wp-json\/wp\/v2\/categories?post=15472"},{"taxonomy":"post_tag","embeddable":true,"href":"https:\/\/247stiri.ro\/index.php\/wp-json\/wp\/v2\/tags?post=15472"}],"curies":[{"name":"wp","href":"https:\/\/api.w.org\/{rel}","templated":true}]}}