{"id":15475,"date":"2024-12-10T14:44:51","date_gmt":"2024-12-10T14:44:51","guid":{"rendered":"https:\/\/247stiri.ro\/index.php\/2024\/12\/10\/accident-grav-in-teleorman-o-fetita-de-12-ani-grav-ranita-in-timp-ce-traversa-pe-trecerea-de-pietoni\/"},"modified":"2024-12-10T14:44:51","modified_gmt":"2024-12-10T14:44:51","slug":"accident-grav-in-teleorman-o-fetita-de-12-ani-grav-ranita-in-timp-ce-traversa-pe-trecerea-de-pietoni","status":"publish","type":"post","link":"https:\/\/247stiri.ro\/index.php\/2024\/12\/10\/accident-grav-in-teleorman-o-fetita-de-12-ani-grav-ranita-in-timp-ce-traversa-pe-trecerea-de-pietoni\/","title":{"rendered":"Accident grav \u00een Teleorman. O feti\u0163\u0103 de 12 ani, grav r\u0103nit\u0103 \u00een timp ce traversa pe trecerea de pietoni"},"content":{"rendered":"<p>Accidentul a avut loc pe strada Dun\u0103rii. Primele date arat\u0103 c\u0103 feti\u0163a traversa pe o trecere pentru pietoni, pe culoarea galben intermitent a semaforului.<\/p>\n<p>\u201eDin primele cercet\u0103ri efectuate la fa\u0163a locului a reie\u015fit faptul c\u0103, \u00een timp ce un b\u0103rbat de 33 ani, din municipiul Alexandria, conducea un autoturism pe strada Dun\u0103rii, din localitate, nu ar fi acordat prioritate de trecere unui pieton (minor\u0103 \u00een v\u00e2rst\u0103 de 12 ani), care s-ar fi angajat regulamentar \u00een traversarea str\u0103zii, pe trecerea pentru pietoni, marcat\u0103 \u015fi semnalizat\u0103 corespunz\u0103tor, pe culoarea galben intermitent a semaforului electric\u201d, au anun\u021bat oficialii Poli\u0163iei jude\u0163ene Teleorman.<\/p>\n<p>\u00cen urma accidentului, feti\u021ba a fost r\u0103nit\u0103 grav.<\/p>\n<p>Poli\u0163i\u015ftii l-au testat pe \u015fofer, rezultatul indic\u00e2nd c\u0103 acesta nu se afla sub influen\u0163a b\u0103uturilor alcoolice la momentul producerii accidentului.<\/p>\n<p>\u00cen urma evenimentului a fost \u00eentocmit deschis penal pentru v\u0103t\u0103mare corporal\u0103 din culp\u0103.<\/p>","protected":false},"excerpt":{"rendered":"<p>Accidentul a avut loc pe strada Dun\u0103rii. Primele date arat\u0103 c\u0103 feti\u0163a traversa pe o&hellip;<\/p>\n","protected":false},"author":0,"featured_media":15476,"comment_status":"open","ping_status":"open","sticky":false,"template":"","format":"standard","meta":{"footnotes":""},"categories":[2],"tags":[],"class_list":["post-15475","post","type-post","status-publish","format-standard","has-post-thumbnail","hentry","category-actual"],"_links":{"self":[{"href":"https:\/\/247stiri.ro\/index.php\/wp-json\/wp\/v2\/posts\/15475","targetHints":{"allow":["GET"]}}],"collection":[{"href":"https:\/\/247stiri.ro\/index.php\/wp-json\/wp\/v2\/posts"}],"about":[{"href":"https:\/\/247stiri.ro\/index.php\/wp-json\/wp\/v2\/types\/post"}],"replies":[{"embeddable":true,"href":"https:\/\/247stiri.ro\/index.php\/wp-json\/wp\/v2\/comments?post=15475"}],"version-history":[{"count":0,"href":"https:\/\/247stiri.ro\/index.php\/wp-json\/wp\/v2\/posts\/15475\/revisions"}],"wp:featuredmedia":[{"embeddable":true,"href":"https:\/\/247stiri.ro\/index.php\/wp-json\/wp\/v2\/media\/15476"}],"wp:attachment":[{"href":"https:\/\/247stiri.ro\/index.php\/wp-json\/wp\/v2\/media?parent=15475"}],"wp:term":[{"taxonomy":"category","embeddable":true,"href":"https:\/\/247stiri.ro\/index.php\/wp-json\/wp\/v2\/categories?post=15475"},{"taxonomy":"post_tag","embeddable":true,"href":"https:\/\/247stiri.ro\/index.php\/wp-json\/wp\/v2\/tags?post=15475"}],"curies":[{"name":"wp","href":"https:\/\/api.w.org\/{rel}","templated":true}]}}